{"id":1990,"date":"2025-06-23T14:49:56","date_gmt":"2025-06-23T14:49:56","guid":{"rendered":"https:\/\/faculdadeluteranaconcordia.com.br\/site\/?p=1990"},"modified":"2025-06-24T13:12:53","modified_gmt":"2025-06-24T13:12:53","slug":"projeto-piloto-de-monitoria-em-lingua-portuguesa","status":"publish","type":"post","link":"https:\/\/faculdadeluteranaconcordia.com.br\/site\/2025\/06\/23\/projeto-piloto-de-monitoria-em-lingua-portuguesa\/","title":{"rendered":"Projeto Piloto de Monitoria em L\u00edngua Portuguesa"},"content":{"rendered":"<p>A monitoria \u00e9 uma pr\u00e1tica pedag\u00f3gica que prop\u00f5e oferecer um espa\u00e7o de colabora\u00e7\u00e3o entre discentes e docentes, proporcionando aos alunos monitores a oportunidade de aprofundar seus conhecimentos na \u00e1rea, desenvolver compet\u00eancias did\u00e1tico-pedag\u00f3gicas e cooperar com colegas no processo de compreens\u00e3o dos conte\u00fados, promovendo um ambiente acad\u00eamico mais engajado e colaborativo.<\/p>\n<p>No caso espec\u00edfico da L\u00edngua Portuguesa, reconhece-se o papel fundamental na forma\u00e7\u00e3o teol\u00f3gica dos estudantes do curso de Bacharelado em Teologia da Faculdade Luterana Conc\u00f3rdia.<\/p>\n<p>A respons\u00e1vel pela monitoria e pelo componente curricular L\u00edngua Portuguesa \u00e9 a professora Carla Rosana Affonso de Azevedo. Para esse projeto piloto, foram indicados os seguintes alunos do primeiro semestre do Curso de Teologia para comporem a equipe de monitoria: Diego Rafael Gon\u00e7alves, \u00cdcaro Fonseca Dias e Vitor Augusto Pil\u00f3 dos Santos.<\/p>\n<p>A metodologia utilizada pelos monitores \u00e9 promover exerc\u00edcios em grupos com um monitor em cada um deles. Na medida em que v\u00e3o surgindo d\u00favidas, cabe aos monitores a resolu\u00e7\u00e3o, comentou Victor Pil\u00f3, um dos monitores.<\/p>\n<p>Lembrando que para os pr\u00f3ximos projetos de monitoria, programados para 2025\/2, Hebraico e Cria\u00e7\u00e3o de slides no CANVA e POWERPOINT, ser\u00e3o publicados editais no site da Faculdade, para composi\u00e7\u00e3o da equipe de monitores.<\/p>\n","protected":false},"excerpt":{"rendered":"<p>O Curso de Teologia da Faculdade Luterana Conc\u00f3rdia lan\u00e7ou no m\u00eas de maio um projeto piloto de monitoria em l\u00edngua portuguesa.<\/p>\n","protected":false},"author":1,"featured_media":2029,"comment_status":"open","ping_status":"open","sticky":false,"template":"","format":"standard","meta":{"_acf_changed":false,"footnotes":""},"categories":[1],"tags":[],"class_list":["post-1990","post","type-post","status-publish","format-standard","has-post-thumbnail","hentry","category-uncategorized"],"acf":[],"yoast_head":"<!-- This site is optimized with the Yoast SEO plugin v25.3.1 - https:\/\/yoast.com\/wordpress\/plugins\/seo\/ -->\n<title>Projeto Piloto de Monitoria em L\u00edngua Portuguesa - Faculdade Luterana Conc\u00f3rdia<\/title>\n<meta name=\"description\" content=\"O Curso de Teologia da Faculdade Luterana Conc\u00f3rdia lan\u00e7ou no m\u00eas de maio um projeto piloto de monitoria em l\u00edngua portuguesa.\" \/>\n<meta name=\"robots\" content=\"index, follow, max-snippet:-1, max-image-preview:large, max-video-preview:-1\" \/>\n<link rel=\"canonical\" href=\"https:\/\/faculdadeluteranaconcordia.com.br\/site\/2025\/06\/23\/projeto-piloto-de-monitoria-em-lingua-portuguesa\/\" \/>\n<meta property=\"og:locale\" content=\"pt_PT\" \/>\n<meta property=\"og:type\" content=\"article\" \/>\n<meta property=\"og:title\" content=\"Projeto Piloto de Monitoria em L\u00edngua Portuguesa - Faculdade Luterana Conc\u00f3rdia\" \/>\n<meta property=\"og:description\" content=\"O Curso de Teologia da Faculdade Luterana Conc\u00f3rdia lan\u00e7ou no m\u00eas de maio um projeto piloto de monitoria em l\u00edngua portuguesa.\" \/>\n<meta property=\"og:url\" content=\"https:\/\/faculdadeluteranaconcordia.com.br\/site\/2025\/06\/23\/projeto-piloto-de-monitoria-em-lingua-portuguesa\/\" \/>\n<meta property=\"og:site_name\" content=\"Faculdade Luterana Conc\u00f3rdia\" \/>\n<meta property=\"article:published_time\" content=\"2025-06-23T14:49:56+00:00\" \/>\n<meta property=\"article:modified_time\" content=\"2025-06-24T13:12:53+00:00\" \/>\n<meta property=\"og:image\" content=\"https:\/\/faculdadeluteranaconcordia.com.br\/site\/wp-content\/uploads\/2025\/06\/Projeto-Piloto-de-Monitoria-em-Lingua-Portuguesa-01.webp\" \/>\n\t<meta property=\"og:image:width\" content=\"1280\" \/>\n\t<meta property=\"og:image:height\" content=\"854\" \/>\n\t<meta property=\"og:image:type\" content=\"image\/webp\" \/>\n<meta name=\"author\" content=\"Lutero\" \/>\n<meta name=\"twitter:card\" content=\"summary_large_image\" \/>\n<meta name=\"twitter:label1\" content=\"Escrito por\" \/>\n\t<meta name=\"twitter:data1\" content=\"Lutero\" \/>\n\t<meta name=\"twitter:label2\" content=\"Tempo estimado de leitura\" \/>\n\t<meta name=\"twitter:data2\" content=\"2 minutos\" \/>\n<script type=\"application\/ld+json\" class=\"yoast-schema-graph\">{\"@context\":\"https:\/\/schema.org\",\"@graph\":[{\"@type\":\"Article\",\"@id\":\"https:\/\/faculdadeluteranaconcordia.com.br\/site\/2025\/06\/23\/projeto-piloto-de-monitoria-em-lingua-portuguesa\/#article\",\"isPartOf\":{\"@id\":\"https:\/\/faculdadeluteranaconcordia.com.br\/site\/2025\/06\/23\/projeto-piloto-de-monitoria-em-lingua-portuguesa\/\"},\"author\":{\"name\":\"Lutero\",\"@id\":\"https:\/\/faculdadeluteranaconcordia.com.br\/site\/#\/schema\/person\/446eb8360fd0672de59d10fcf4e86b8b\"},\"headline\":\"Projeto Piloto de Monitoria em L\u00edngua Portuguesa\",\"datePublished\":\"2025-06-23T14:49:56+00:00\",\"dateModified\":\"2025-06-24T13:12:53+00:00\",\"mainEntityOfPage\":{\"@id\":\"https:\/\/faculdadeluteranaconcordia.com.br\/site\/2025\/06\/23\/projeto-piloto-de-monitoria-em-lingua-portuguesa\/\"},\"wordCount\":226,\"commentCount\":0,\"publisher\":{\"@id\":\"https:\/\/faculdadeluteranaconcordia.com.br\/site\/#organization\"},\"image\":{\"@id\":\"https:\/\/faculdadeluteranaconcordia.com.br\/site\/2025\/06\/23\/projeto-piloto-de-monitoria-em-lingua-portuguesa\/#primaryimage\"},\"thumbnailUrl\":\"https:\/\/faculdadeluteranaconcordia.com.br\/site\/wp-content\/uploads\/2025\/06\/Projeto-Piloto-de-Monitoria-em-Lingua-Portuguesa-01.webp\",\"articleSection\":[\"Not\u00edcia\"],\"inLanguage\":\"pt-PT\",\"potentialAction\":[{\"@type\":\"CommentAction\",\"name\":\"Comment\",\"target\":[\"https:\/\/faculdadeluteranaconcordia.com.br\/site\/2025\/06\/23\/projeto-piloto-de-monitoria-em-lingua-portuguesa\/#respond\"]}]},{\"@type\":\"WebPage\",\"@id\":\"https:\/\/faculdadeluteranaconcordia.com.br\/site\/2025\/06\/23\/projeto-piloto-de-monitoria-em-lingua-portuguesa\/\",\"url\":\"https:\/\/faculdadeluteranaconcordia.com.br\/site\/2025\/06\/23\/projeto-piloto-de-monitoria-em-lingua-portuguesa\/\",\"name\":\"Projeto Piloto de Monitoria em L\u00edngua Portuguesa - Faculdade Luterana Conc\u00f3rdia\",\"isPartOf\":{\"@id\":\"https:\/\/faculdadeluteranaconcordia.com.br\/site\/#website\"},\"primaryImageOfPage\":{\"@id\":\"https:\/\/faculdadeluteranaconcordia.com.br\/site\/2025\/06\/23\/projeto-piloto-de-monitoria-em-lingua-portuguesa\/#primaryimage\"},\"image\":{\"@id\":\"https:\/\/faculdadeluteranaconcordia.com.br\/site\/2025\/06\/23\/projeto-piloto-de-monitoria-em-lingua-portuguesa\/#primaryimage\"},\"thumbnailUrl\":\"https:\/\/faculdadeluteranaconcordia.com.br\/site\/wp-content\/uploads\/2025\/06\/Projeto-Piloto-de-Monitoria-em-Lingua-Portuguesa-01.webp\",\"datePublished\":\"2025-06-23T14:49:56+00:00\",\"dateModified\":\"2025-06-24T13:12:53+00:00\",\"description\":\"O Curso de Teologia da Faculdade Luterana Conc\u00f3rdia lan\u00e7ou no m\u00eas de maio um projeto piloto de monitoria em l\u00edngua portuguesa.\",\"breadcrumb\":{\"@id\":\"https:\/\/faculdadeluteranaconcordia.com.br\/site\/2025\/06\/23\/projeto-piloto-de-monitoria-em-lingua-portuguesa\/#breadcrumb\"},\"inLanguage\":\"pt-PT\",\"potentialAction\":[{\"@type\":\"ReadAction\",\"target\":[\"https:\/\/faculdadeluteranaconcordia.com.br\/site\/2025\/06\/23\/projeto-piloto-de-monitoria-em-lingua-portuguesa\/\"]}]},{\"@type\":\"ImageObject\",\"inLanguage\":\"pt-PT\",\"@id\":\"https:\/\/faculdadeluteranaconcordia.com.br\/site\/2025\/06\/23\/projeto-piloto-de-monitoria-em-lingua-portuguesa\/#primaryimage\",\"url\":\"https:\/\/faculdadeluteranaconcordia.com.br\/site\/wp-content\/uploads\/2025\/06\/Projeto-Piloto-de-Monitoria-em-Lingua-Portuguesa-01.webp\",\"contentUrl\":\"https:\/\/faculdadeluteranaconcordia.com.br\/site\/wp-content\/uploads\/2025\/06\/Projeto-Piloto-de-Monitoria-em-Lingua-Portuguesa-01.webp\",\"width\":1280,\"height\":854},{\"@type\":\"BreadcrumbList\",\"@id\":\"https:\/\/faculdadeluteranaconcordia.com.br\/site\/2025\/06\/23\/projeto-piloto-de-monitoria-em-lingua-portuguesa\/#breadcrumb\",\"itemListElement\":[{\"@type\":\"ListItem\",\"position\":1,\"name\":\"In\u00edcio\",\"item\":\"https:\/\/faculdadeluteranaconcordia.com.br\/site\/\"},{\"@type\":\"ListItem\",\"position\":2,\"name\":\"Projeto Piloto de Monitoria em L\u00edngua Portuguesa\"}]},{\"@type\":\"WebSite\",\"@id\":\"https:\/\/faculdadeluteranaconcordia.com.br\/site\/#website\",\"url\":\"https:\/\/faculdadeluteranaconcordia.com.br\/site\/\",\"name\":\"Faculdade Luterana Conc\u00f3rdia\",\"description\":\"Site Institucional da Faculdade Luterana\",\"publisher\":{\"@id\":\"https:\/\/faculdadeluteranaconcordia.com.br\/site\/#organization\"},\"potentialAction\":[{\"@type\":\"SearchAction\",\"target\":{\"@type\":\"EntryPoint\",\"urlTemplate\":\"https:\/\/faculdadeluteranaconcordia.com.br\/site\/?s={search_term_string}\"},\"query-input\":{\"@type\":\"PropertyValueSpecification\",\"valueRequired\":true,\"valueName\":\"search_term_string\"}}],\"inLanguage\":\"pt-PT\"},{\"@type\":\"Organization\",\"@id\":\"https:\/\/faculdadeluteranaconcordia.com.br\/site\/#organization\",\"name\":\"Faculdade Luterana Conc\u00f3rdia\",\"url\":\"https:\/\/faculdadeluteranaconcordia.com.br\/site\/\",\"logo\":{\"@type\":\"ImageObject\",\"inLanguage\":\"pt-PT\",\"@id\":\"https:\/\/faculdadeluteranaconcordia.com.br\/site\/#\/schema\/logo\/image\/\",\"url\":\"https:\/\/faculdadeluteranaconcordia.com.br\/site\/wp-content\/uploads\/2023\/04\/LOGO-NOVO-FACULDADE-1.webp\",\"contentUrl\":\"https:\/\/faculdadeluteranaconcordia.com.br\/site\/wp-content\/uploads\/2023\/04\/LOGO-NOVO-FACULDADE-1.webp\",\"width\":1200,\"height\":383,\"caption\":\"Faculdade Luterana Conc\u00f3rdia\"},\"image\":{\"@id\":\"https:\/\/faculdadeluteranaconcordia.com.br\/site\/#\/schema\/logo\/image\/\"}},{\"@type\":\"Person\",\"@id\":\"https:\/\/faculdadeluteranaconcordia.com.br\/site\/#\/schema\/person\/446eb8360fd0672de59d10fcf4e86b8b\",\"name\":\"Lutero\",\"image\":{\"@type\":\"ImageObject\",\"inLanguage\":\"pt-PT\",\"@id\":\"https:\/\/faculdadeluteranaconcordia.com.br\/site\/#\/schema\/person\/image\/\",\"url\":\"https:\/\/secure.gravatar.com\/avatar\/f9e9e74d472c59c248b987e4fc8ce3e120726df22bb88cf395458cb57b97359a?s=96&d=mm&r=g\",\"contentUrl\":\"https:\/\/secure.gravatar.com\/avatar\/f9e9e74d472c59c248b987e4fc8ce3e120726df22bb88cf395458cb57b97359a?s=96&d=mm&r=g\",\"caption\":\"Lutero\"},\"sameAs\":[\"https:\/\/faculdadeluteranaconcordia.com.br\/site\"],\"url\":\"https:\/\/faculdadeluteranaconcordia.com.br\/site\/author\/Lutero\/\"}]}<\/script>\n<!-- \/ Yoast SEO plugin. -->","yoast_head_json":{"title":"Projeto Piloto de Monitoria em L\u00edngua Portuguesa - Faculdade Luterana Conc\u00f3rdia","description":"O Curso de Teologia da Faculdade Luterana Conc\u00f3rdia lan\u00e7ou no m\u00eas de maio um projeto piloto de monitoria em l\u00edngua portuguesa.","robots":{"index":"index","follow":"follow","max-snippet":"max-snippet:-1","max-image-preview":"max-image-preview:large","max-video-preview":"max-video-preview:-1"},"canonical":"https:\/\/faculdadeluteranaconcordia.com.br\/site\/2025\/06\/23\/projeto-piloto-de-monitoria-em-lingua-portuguesa\/","og_locale":"pt_PT","og_type":"article","og_title":"Projeto Piloto de Monitoria em L\u00edngua Portuguesa - Faculdade Luterana Conc\u00f3rdia","og_description":"O Curso de Teologia da Faculdade Luterana Conc\u00f3rdia lan\u00e7ou no m\u00eas de maio um projeto piloto de monitoria em l\u00edngua portuguesa.","og_url":"https:\/\/faculdadeluteranaconcordia.com.br\/site\/2025\/06\/23\/projeto-piloto-de-monitoria-em-lingua-portuguesa\/","og_site_name":"Faculdade Luterana Conc\u00f3rdia","article_published_time":"2025-06-23T14:49:56+00:00","article_modified_time":"2025-06-24T13:12:53+00:00","og_image":[{"width":1280,"height":854,"url":"https:\/\/faculdadeluteranaconcordia.com.br\/site\/wp-content\/uploads\/2025\/06\/Projeto-Piloto-de-Monitoria-em-Lingua-Portuguesa-01.webp","type":"image\/webp"}],"author":"Lutero","twitter_card":"summary_large_image","twitter_misc":{"Escrito por":"Lutero","Tempo estimado de leitura":"2 minutos"},"schema":{"@context":"https:\/\/schema.org","@graph":[{"@type":"Article","@id":"https:\/\/faculdadeluteranaconcordia.com.br\/site\/2025\/06\/23\/projeto-piloto-de-monitoria-em-lingua-portuguesa\/#article","isPartOf":{"@id":"https:\/\/faculdadeluteranaconcordia.com.br\/site\/2025\/06\/23\/projeto-piloto-de-monitoria-em-lingua-portuguesa\/"},"author":{"name":"Lutero","@id":"https:\/\/faculdadeluteranaconcordia.com.br\/site\/#\/schema\/person\/446eb8360fd0672de59d10fcf4e86b8b"},"headline":"Projeto Piloto de Monitoria em L\u00edngua Portuguesa","datePublished":"2025-06-23T14:49:56+00:00","dateModified":"2025-06-24T13:12:53+00:00","mainEntityOfPage":{"@id":"https:\/\/faculdadeluteranaconcordia.com.br\/site\/2025\/06\/23\/projeto-piloto-de-monitoria-em-lingua-portuguesa\/"},"wordCount":226,"commentCount":0,"publisher":{"@id":"https:\/\/faculdadeluteranaconcordia.com.br\/site\/#organization"},"image":{"@id":"https:\/\/faculdadeluteranaconcordia.com.br\/site\/2025\/06\/23\/projeto-piloto-de-monitoria-em-lingua-portuguesa\/#primaryimage"},"thumbnailUrl":"https:\/\/faculdadeluteranaconcordia.com.br\/site\/wp-content\/uploads\/2025\/06\/Projeto-Piloto-de-Monitoria-em-Lingua-Portuguesa-01.webp","articleSection":["Not\u00edcia"],"inLanguage":"pt-PT","potentialAction":[{"@type":"CommentAction","name":"Comment","target":["https:\/\/faculdadeluteranaconcordia.com.br\/site\/2025\/06\/23\/projeto-piloto-de-monitoria-em-lingua-portuguesa\/#respond"]}]},{"@type":"WebPage","@id":"https:\/\/faculdadeluteranaconcordia.com.br\/site\/2025\/06\/23\/projeto-piloto-de-monitoria-em-lingua-portuguesa\/","url":"https:\/\/faculdadeluteranaconcordia.com.br\/site\/2025\/06\/23\/projeto-piloto-de-monitoria-em-lingua-portuguesa\/","name":"Projeto Piloto de Monitoria em L\u00edngua Portuguesa - Faculdade Luterana Conc\u00f3rdia","isPartOf":{"@id":"https:\/\/faculdadeluteranaconcordia.com.br\/site\/#website"},"primaryImageOfPage":{"@id":"https:\/\/faculdadeluteranaconcordia.com.br\/site\/2025\/06\/23\/projeto-piloto-de-monitoria-em-lingua-portuguesa\/#primaryimage"},"image":{"@id":"https:\/\/faculdadeluteranaconcordia.com.br\/site\/2025\/06\/23\/projeto-piloto-de-monitoria-em-lingua-portuguesa\/#primaryimage"},"thumbnailUrl":"https:\/\/faculdadeluteranaconcordia.com.br\/site\/wp-content\/uploads\/2025\/06\/Projeto-Piloto-de-Monitoria-em-Lingua-Portuguesa-01.webp","datePublished":"2025-06-23T14:49:56+00:00","dateModified":"2025-06-24T13:12:53+00:00","description":"O Curso de Teologia da Faculdade Luterana Conc\u00f3rdia lan\u00e7ou no m\u00eas de maio um projeto piloto de monitoria em l\u00edngua portuguesa.","breadcrumb":{"@id":"https:\/\/faculdadeluteranaconcordia.com.br\/site\/2025\/06\/23\/projeto-piloto-de-monitoria-em-lingua-portuguesa\/#breadcrumb"},"inLanguage":"pt-PT","potentialAction":[{"@type":"ReadAction","target":["https:\/\/faculdadeluteranaconcordia.com.br\/site\/2025\/06\/23\/projeto-piloto-de-monitoria-em-lingua-portuguesa\/"]}]},{"@type":"ImageObject","inLanguage":"pt-PT","@id":"https:\/\/faculdadeluteranaconcordia.com.br\/site\/2025\/06\/23\/projeto-piloto-de-monitoria-em-lingua-portuguesa\/#primaryimage","url":"https:\/\/faculdadeluteranaconcordia.com.br\/site\/wp-content\/uploads\/2025\/06\/Projeto-Piloto-de-Monitoria-em-Lingua-Portuguesa-01.webp","contentUrl":"https:\/\/faculdadeluteranaconcordia.com.br\/site\/wp-content\/uploads\/2025\/06\/Projeto-Piloto-de-Monitoria-em-Lingua-Portuguesa-01.webp","width":1280,"height":854},{"@type":"BreadcrumbList","@id":"https:\/\/faculdadeluteranaconcordia.com.br\/site\/2025\/06\/23\/projeto-piloto-de-monitoria-em-lingua-portuguesa\/#breadcrumb","itemListElement":[{"@type":"ListItem","position":1,"name":"In\u00edcio","item":"https:\/\/faculdadeluteranaconcordia.com.br\/site\/"},{"@type":"ListItem","position":2,"name":"Projeto Piloto de Monitoria em L\u00edngua Portuguesa"}]},{"@type":"WebSite","@id":"https:\/\/faculdadeluteranaconcordia.com.br\/site\/#website","url":"https:\/\/faculdadeluteranaconcordia.com.br\/site\/","name":"Faculdade Luterana Conc\u00f3rdia","description":"Site Institucional da Faculdade Luterana","publisher":{"@id":"https:\/\/faculdadeluteranaconcordia.com.br\/site\/#organization"},"potentialAction":[{"@type":"SearchAction","target":{"@type":"EntryPoint","urlTemplate":"https:\/\/faculdadeluteranaconcordia.com.br\/site\/?s={search_term_string}"},"query-input":{"@type":"PropertyValueSpecification","valueRequired":true,"valueName":"search_term_string"}}],"inLanguage":"pt-PT"},{"@type":"Organization","@id":"https:\/\/faculdadeluteranaconcordia.com.br\/site\/#organization","name":"Faculdade Luterana Conc\u00f3rdia","url":"https:\/\/faculdadeluteranaconcordia.com.br\/site\/","logo":{"@type":"ImageObject","inLanguage":"pt-PT","@id":"https:\/\/faculdadeluteranaconcordia.com.br\/site\/#\/schema\/logo\/image\/","url":"https:\/\/faculdadeluteranaconcordia.com.br\/site\/wp-content\/uploads\/2023\/04\/LOGO-NOVO-FACULDADE-1.webp","contentUrl":"https:\/\/faculdadeluteranaconcordia.com.br\/site\/wp-content\/uploads\/2023\/04\/LOGO-NOVO-FACULDADE-1.webp","width":1200,"height":383,"caption":"Faculdade Luterana Conc\u00f3rdia"},"image":{"@id":"https:\/\/faculdadeluteranaconcordia.com.br\/site\/#\/schema\/logo\/image\/"}},{"@type":"Person","@id":"https:\/\/faculdadeluteranaconcordia.com.br\/site\/#\/schema\/person\/446eb8360fd0672de59d10fcf4e86b8b","name":"Lutero","image":{"@type":"ImageObject","inLanguage":"pt-PT","@id":"https:\/\/faculdadeluteranaconcordia.com.br\/site\/#\/schema\/person\/image\/","url":"https:\/\/secure.gravatar.com\/avatar\/f9e9e74d472c59c248b987e4fc8ce3e120726df22bb88cf395458cb57b97359a?s=96&d=mm&r=g","contentUrl":"https:\/\/secure.gravatar.com\/avatar\/f9e9e74d472c59c248b987e4fc8ce3e120726df22bb88cf395458cb57b97359a?s=96&d=mm&r=g","caption":"Lutero"},"sameAs":["https:\/\/faculdadeluteranaconcordia.com.br\/site"],"url":"https:\/\/faculdadeluteranaconcordia.com.br\/site\/author\/Lutero\/"}]}},"_links":{"self":[{"href":"https:\/\/faculdadeluteranaconcordia.com.br\/site\/wp-json\/wp\/v2\/posts\/1990","targetHints":{"allow":["GET"]}}],"collection":[{"href":"https:\/\/faculdadeluteranaconcordia.com.br\/site\/wp-json\/wp\/v2\/posts"}],"about":[{"href":"https:\/\/faculdadeluteranaconcordia.com.br\/site\/wp-json\/wp\/v2\/types\/post"}],"author":[{"embeddable":true,"href":"https:\/\/faculdadeluteranaconcordia.com.br\/site\/wp-json\/wp\/v2\/users\/1"}],"replies":[{"embeddable":true,"href":"https:\/\/faculdadeluteranaconcordia.com.br\/site\/wp-json\/wp\/v2\/comments?post=1990"}],"version-history":[{"count":8,"href":"https:\/\/faculdadeluteranaconcordia.com.br\/site\/wp-json\/wp\/v2\/posts\/1990\/revisions"}],"predecessor-version":[{"id":2048,"href":"https:\/\/faculdadeluteranaconcordia.com.br\/site\/wp-json\/wp\/v2\/posts\/1990\/revisions\/2048"}],"wp:featuredmedia":[{"embeddable":true,"href":"https:\/\/faculdadeluteranaconcordia.com.br\/site\/wp-json\/wp\/v2\/media\/2029"}],"wp:attachment":[{"href":"https:\/\/faculdadeluteranaconcordia.com.br\/site\/wp-json\/wp\/v2\/media?parent=1990"}],"wp:term":[{"taxonomy":"category","embeddable":true,"href":"https:\/\/faculdadeluteranaconcordia.com.br\/site\/wp-json\/wp\/v2\/categories?post=1990"},{"taxonomy":"post_tag","embeddable":true,"href":"https:\/\/faculdadeluteranaconcordia.com.br\/site\/wp-json\/wp\/v2\/tags?post=1990"}],"curies":[{"name":"wp","href":"https:\/\/api.w.org\/{rel}","templated":true}]}}