{"id":2309,"date":"2025-06-27T11:13:08","date_gmt":"2025-06-27T11:13:08","guid":{"rendered":"https:\/\/faculdadeluteranaconcordia.com.br\/site\/?p=2309"},"modified":"2025-06-27T11:54:16","modified_gmt":"2025-06-27T11:54:16","slug":"simposio-internacional-relembra-1700-anos-do-concilio-de-niceia","status":"publish","type":"post","link":"https:\/\/faculdadeluteranaconcordia.com.br\/site\/2025\/06\/27\/simposio-internacional-relembra-1700-anos-do-concilio-de-niceia\/","title":{"rendered":"Simp\u00f3sio Internacional relembra 1.700 anos do Conc\u00edlio de Niceia com reflex\u00e3o teol\u00f3gica e hist\u00f3rica"},"content":{"rendered":"<p>&nbsp;<\/p>\n<p>No dia 25 de junho, teve in\u00edcio o I Simp\u00f3sio Internacional de Hist\u00f3ria da Igreja, sediado pelo Semin\u00e1rio Conc\u00f3rdia e pela Faculdade Luterana Conc\u00f3rdia, com o tema \u201cDepois de Niceia: 1.700 anos confessando a f\u00e9 nicena\u201d. O evento reuniu professores, alunos, inscritos e convidados, tanto de forma presencial quanto online, em um dia de palestras que abordaram o impacto duradouro do Conc\u00edlio de Niceia, com reflex\u00f5es voltadas \u00e0 hist\u00f3ria da Igreja, \u00e0 teologia e \u00e0 vida lit\u00fargica.<\/p>\n<p>A abertura contou com um momento devocional e a apresenta\u00e7\u00e3o do simp\u00f3sio, conduzidos pelo Prof. Francis D. Hoffmann. Logo ap\u00f3s, o Dr. Samuel Fern\u00e1ndez trouxe a confer\u00eancia \u201cEusebio de Cesarea y el Concilio de Nicea, una nueva reconstrucci\u00f3n\u201d, na qual tratou sobre a atua\u00e7\u00e3o de Eus\u00e9bio no contexto do conc\u00edlio. Na sequ\u00eancia, o Dr. Glen Thompson apresentou \u201cEyewitnesses to History: The Council of Nicaea in the Ancient Sources\u201d, explorando os registros mais antigos sobre o evento e o modo como foram transmitidos e interpretados ao longo do tempo.<\/p>\n<p>Durante a tarde, o Dr. Ant\u00f4nio Sagrado Bogaz falou sobre \u201cO Conc\u00edlio de Niceia e Suas Implica\u00e7\u00f5es na Vida Lit\u00fargica\u201d, tratando da influ\u00eancia do Conc\u00edlio sobre pr\u00e1ticas de culto que se desenvolveram nos s\u00e9culos seguintes. Em seguida, o Dr. Joel Elowsky encerrou as confer\u00eancias com a palestra \u201cCyril of Alexandria\u2019s Nicene Exegesis of John 17\u201d, refletindo sobre a leitura de Jo\u00e3o 17 \u00e0 luz da teologia nicena.<\/p>\n<p>O primeiro dia de confer\u00eancias foi encerrado com um momento cultural, que contou com a participa\u00e7\u00e3o do Coro Misto e do Coro Masculino do Semin\u00e1rio Conc\u00f3rdia, sob a reg\u00eancia do Prof. Raul Blum. As apresenta\u00e7\u00f5es abrilhantaram a noite e permitiram aos participantes do simp\u00f3sio conhecer um pouco mais da viv\u00eancia e da forma\u00e7\u00e3o cultural e acad\u00eamica dos alunos e de suas fam\u00edlias.<\/p>\n","protected":false},"excerpt":{"rendered":"<p>O I Simp\u00f3sio Internacional de Hist\u00f3ria da Igreja come\u00e7ou em 25 de junho, refletindo sobre os 1.700 anos do Conc\u00edlio de Niceia com palestras teol\u00f3gicas e hist\u00f3ricas. O dia foi marcado por confer\u00eancias internacionais, momentos devocionais e apresenta\u00e7\u00f5es culturais.<\/p>\n","protected":false},"author":1,"featured_media":2310,"comment_status":"open","ping_status":"open","sticky":false,"template":"","format":"standard","meta":{"_acf_changed":false,"footnotes":""},"categories":[1],"tags":[],"class_list":["post-2309","post","type-post","status-publish","format-standard","has-post-thumbnail","hentry","category-uncategorized"],"acf":[],"yoast_head":"<!-- This site is optimized with the Yoast SEO plugin v25.3.1 - https:\/\/yoast.com\/wordpress\/plugins\/seo\/ -->\n<title>Simp\u00f3sio Internacional relembra 1.700 anos do Conc\u00edlio de Niceia com reflex\u00e3o teol\u00f3gica e hist\u00f3rica - Faculdade Luterana Conc\u00f3rdia<\/title>\n<meta name=\"description\" content=\"O I Simp\u00f3sio Internacional de Hist\u00f3ria da Igreja come\u00e7ou em 25 de junho, refletindo sobre os 1.700 anos do Conc\u00edlio de Niceia com palestras teol\u00f3gicas e hist\u00f3ricas. O dia foi marcado por confer\u00eancias internacionais, momentos devocionais e apresenta\u00e7\u00f5es culturais.\" \/>\n<meta name=\"robots\" content=\"index, follow, max-snippet:-1, max-image-preview:large, max-video-preview:-1\" \/>\n<link rel=\"canonical\" href=\"https:\/\/faculdadeluteranaconcordia.com.br\/site\/2025\/06\/27\/simposio-internacional-relembra-1700-anos-do-concilio-de-niceia\/\" \/>\n<meta property=\"og:locale\" content=\"pt_PT\" \/>\n<meta property=\"og:type\" content=\"article\" \/>\n<meta property=\"og:title\" content=\"Simp\u00f3sio Internacional relembra 1.700 anos do Conc\u00edlio de Niceia com reflex\u00e3o teol\u00f3gica e hist\u00f3rica - Faculdade Luterana Conc\u00f3rdia\" \/>\n<meta property=\"og:description\" content=\"O I Simp\u00f3sio Internacional de Hist\u00f3ria da Igreja come\u00e7ou em 25 de junho, refletindo sobre os 1.700 anos do Conc\u00edlio de Niceia com palestras teol\u00f3gicas e hist\u00f3ricas. O dia foi marcado por confer\u00eancias internacionais, momentos devocionais e apresenta\u00e7\u00f5es culturais.\" \/>\n<meta property=\"og:url\" content=\"https:\/\/faculdadeluteranaconcordia.com.br\/site\/2025\/06\/27\/simposio-internacional-relembra-1700-anos-do-concilio-de-niceia\/\" \/>\n<meta property=\"og:site_name\" content=\"Faculdade Luterana Conc\u00f3rdia\" \/>\n<meta property=\"article:published_time\" content=\"2025-06-27T11:13:08+00:00\" \/>\n<meta property=\"article:modified_time\" content=\"2025-06-27T11:54:16+00:00\" \/>\n<meta property=\"og:image\" content=\"https:\/\/faculdadeluteranaconcordia.com.br\/site\/wp-content\/uploads\/2025\/06\/SimposioI.webp\" \/>\n\t<meta property=\"og:image:width\" content=\"1280\" \/>\n\t<meta property=\"og:image:height\" content=\"854\" \/>\n\t<meta property=\"og:image:type\" content=\"image\/webp\" \/>\n<meta name=\"author\" content=\"Lutero\" \/>\n<meta name=\"twitter:card\" content=\"summary_large_image\" \/>\n<meta name=\"twitter:image\" content=\"https:\/\/faculdadeluteranaconcordia.com.br\/site\/wp-content\/uploads\/2025\/06\/SimposioI.webp\" \/>\n<meta name=\"twitter:label1\" content=\"Escrito por\" \/>\n\t<meta name=\"twitter:data1\" content=\"Lutero\" \/>\n\t<meta name=\"twitter:label2\" content=\"Tempo estimado de leitura\" \/>\n\t<meta name=\"twitter:data2\" content=\"2 minutos\" \/>\n<script type=\"application\/ld+json\" class=\"yoast-schema-graph\">{\"@context\":\"https:\/\/schema.org\",\"@graph\":[{\"@type\":\"Article\",\"@id\":\"https:\/\/faculdadeluteranaconcordia.com.br\/site\/2025\/06\/27\/simposio-internacional-relembra-1700-anos-do-concilio-de-niceia\/#article\",\"isPartOf\":{\"@id\":\"https:\/\/faculdadeluteranaconcordia.com.br\/site\/2025\/06\/27\/simposio-internacional-relembra-1700-anos-do-concilio-de-niceia\/\"},\"author\":{\"name\":\"Lutero\",\"@id\":\"https:\/\/faculdadeluteranaconcordia.com.br\/site\/#\/schema\/person\/446eb8360fd0672de59d10fcf4e86b8b\"},\"headline\":\"Simp\u00f3sio Internacional relembra 1.700 anos do Conc\u00edlio de Niceia com reflex\u00e3o teol\u00f3gica e hist\u00f3rica\",\"datePublished\":\"2025-06-27T11:13:08+00:00\",\"dateModified\":\"2025-06-27T11:54:16+00:00\",\"mainEntityOfPage\":{\"@id\":\"https:\/\/faculdadeluteranaconcordia.com.br\/site\/2025\/06\/27\/simposio-internacional-relembra-1700-anos-do-concilio-de-niceia\/\"},\"wordCount\":347,\"commentCount\":0,\"publisher\":{\"@id\":\"https:\/\/faculdadeluteranaconcordia.com.br\/site\/#organization\"},\"image\":{\"@id\":\"https:\/\/faculdadeluteranaconcordia.com.br\/site\/2025\/06\/27\/simposio-internacional-relembra-1700-anos-do-concilio-de-niceia\/#primaryimage\"},\"thumbnailUrl\":\"https:\/\/faculdadeluteranaconcordia.com.br\/site\/wp-content\/uploads\/2025\/06\/SimposioI.webp\",\"articleSection\":[\"Not\u00edcia\"],\"inLanguage\":\"pt-PT\",\"potentialAction\":[{\"@type\":\"CommentAction\",\"name\":\"Comment\",\"target\":[\"https:\/\/faculdadeluteranaconcordia.com.br\/site\/2025\/06\/27\/simposio-internacional-relembra-1700-anos-do-concilio-de-niceia\/#respond\"]}]},{\"@type\":\"WebPage\",\"@id\":\"https:\/\/faculdadeluteranaconcordia.com.br\/site\/2025\/06\/27\/simposio-internacional-relembra-1700-anos-do-concilio-de-niceia\/\",\"url\":\"https:\/\/faculdadeluteranaconcordia.com.br\/site\/2025\/06\/27\/simposio-internacional-relembra-1700-anos-do-concilio-de-niceia\/\",\"name\":\"Simp\u00f3sio Internacional relembra 1.700 anos do Conc\u00edlio de Niceia com reflex\u00e3o teol\u00f3gica e hist\u00f3rica - Faculdade Luterana Conc\u00f3rdia\",\"isPartOf\":{\"@id\":\"https:\/\/faculdadeluteranaconcordia.com.br\/site\/#website\"},\"primaryImageOfPage\":{\"@id\":\"https:\/\/faculdadeluteranaconcordia.com.br\/site\/2025\/06\/27\/simposio-internacional-relembra-1700-anos-do-concilio-de-niceia\/#primaryimage\"},\"image\":{\"@id\":\"https:\/\/faculdadeluteranaconcordia.com.br\/site\/2025\/06\/27\/simposio-internacional-relembra-1700-anos-do-concilio-de-niceia\/#primaryimage\"},\"thumbnailUrl\":\"https:\/\/faculdadeluteranaconcordia.com.br\/site\/wp-content\/uploads\/2025\/06\/SimposioI.webp\",\"datePublished\":\"2025-06-27T11:13:08+00:00\",\"dateModified\":\"2025-06-27T11:54:16+00:00\",\"description\":\"O I Simp\u00f3sio Internacional de Hist\u00f3ria da Igreja come\u00e7ou em 25 de junho, refletindo sobre os 1.700 anos do Conc\u00edlio de Niceia com palestras teol\u00f3gicas e hist\u00f3ricas. O dia foi marcado por confer\u00eancias internacionais, momentos devocionais e apresenta\u00e7\u00f5es culturais.\",\"breadcrumb\":{\"@id\":\"https:\/\/faculdadeluteranaconcordia.com.br\/site\/2025\/06\/27\/simposio-internacional-relembra-1700-anos-do-concilio-de-niceia\/#breadcrumb\"},\"inLanguage\":\"pt-PT\",\"potentialAction\":[{\"@type\":\"ReadAction\",\"target\":[\"https:\/\/faculdadeluteranaconcordia.com.br\/site\/2025\/06\/27\/simposio-internacional-relembra-1700-anos-do-concilio-de-niceia\/\"]}]},{\"@type\":\"ImageObject\",\"inLanguage\":\"pt-PT\",\"@id\":\"https:\/\/faculdadeluteranaconcordia.com.br\/site\/2025\/06\/27\/simposio-internacional-relembra-1700-anos-do-concilio-de-niceia\/#primaryimage\",\"url\":\"https:\/\/faculdadeluteranaconcordia.com.br\/site\/wp-content\/uploads\/2025\/06\/SimposioI.webp\",\"contentUrl\":\"https:\/\/faculdadeluteranaconcordia.com.br\/site\/wp-content\/uploads\/2025\/06\/SimposioI.webp\",\"width\":1280,\"height\":854},{\"@type\":\"BreadcrumbList\",\"@id\":\"https:\/\/faculdadeluteranaconcordia.com.br\/site\/2025\/06\/27\/simposio-internacional-relembra-1700-anos-do-concilio-de-niceia\/#breadcrumb\",\"itemListElement\":[{\"@type\":\"ListItem\",\"position\":1,\"name\":\"In\u00edcio\",\"item\":\"https:\/\/faculdadeluteranaconcordia.com.br\/site\/\"},{\"@type\":\"ListItem\",\"position\":2,\"name\":\"Simp\u00f3sio Internacional relembra 1.700 anos do Conc\u00edlio de Niceia com reflex\u00e3o teol\u00f3gica e hist\u00f3rica\"}]},{\"@type\":\"WebSite\",\"@id\":\"https:\/\/faculdadeluteranaconcordia.com.br\/site\/#website\",\"url\":\"https:\/\/faculdadeluteranaconcordia.com.br\/site\/\",\"name\":\"Faculdade Luterana Conc\u00f3rdia\",\"description\":\"Site Institucional da Faculdade Luterana\",\"publisher\":{\"@id\":\"https:\/\/faculdadeluteranaconcordia.com.br\/site\/#organization\"},\"potentialAction\":[{\"@type\":\"SearchAction\",\"target\":{\"@type\":\"EntryPoint\",\"urlTemplate\":\"https:\/\/faculdadeluteranaconcordia.com.br\/site\/?s={search_term_string}\"},\"query-input\":{\"@type\":\"PropertyValueSpecification\",\"valueRequired\":true,\"valueName\":\"search_term_string\"}}],\"inLanguage\":\"pt-PT\"},{\"@type\":\"Organization\",\"@id\":\"https:\/\/faculdadeluteranaconcordia.com.br\/site\/#organization\",\"name\":\"Faculdade Luterana Conc\u00f3rdia\",\"url\":\"https:\/\/faculdadeluteranaconcordia.com.br\/site\/\",\"logo\":{\"@type\":\"ImageObject\",\"inLanguage\":\"pt-PT\",\"@id\":\"https:\/\/faculdadeluteranaconcordia.com.br\/site\/#\/schema\/logo\/image\/\",\"url\":\"https:\/\/faculdadeluteranaconcordia.com.br\/site\/wp-content\/uploads\/2023\/04\/LOGO-NOVO-FACULDADE-1.webp\",\"contentUrl\":\"https:\/\/faculdadeluteranaconcordia.com.br\/site\/wp-content\/uploads\/2023\/04\/LOGO-NOVO-FACULDADE-1.webp\",\"width\":1200,\"height\":383,\"caption\":\"Faculdade Luterana Conc\u00f3rdia\"},\"image\":{\"@id\":\"https:\/\/faculdadeluteranaconcordia.com.br\/site\/#\/schema\/logo\/image\/\"}},{\"@type\":\"Person\",\"@id\":\"https:\/\/faculdadeluteranaconcordia.com.br\/site\/#\/schema\/person\/446eb8360fd0672de59d10fcf4e86b8b\",\"name\":\"Lutero\",\"image\":{\"@type\":\"ImageObject\",\"inLanguage\":\"pt-PT\",\"@id\":\"https:\/\/faculdadeluteranaconcordia.com.br\/site\/#\/schema\/person\/image\/\",\"url\":\"https:\/\/secure.gravatar.com\/avatar\/f9e9e74d472c59c248b987e4fc8ce3e120726df22bb88cf395458cb57b97359a?s=96&d=mm&r=g\",\"contentUrl\":\"https:\/\/secure.gravatar.com\/avatar\/f9e9e74d472c59c248b987e4fc8ce3e120726df22bb88cf395458cb57b97359a?s=96&d=mm&r=g\",\"caption\":\"Lutero\"},\"sameAs\":[\"https:\/\/faculdadeluteranaconcordia.com.br\/site\"],\"url\":\"https:\/\/faculdadeluteranaconcordia.com.br\/site\/author\/Lutero\/\"}]}<\/script>\n<!-- \/ Yoast SEO plugin. -->","yoast_head_json":{"title":"Simp\u00f3sio Internacional relembra 1.700 anos do Conc\u00edlio de Niceia com reflex\u00e3o teol\u00f3gica e hist\u00f3rica - Faculdade Luterana Conc\u00f3rdia","description":"O I Simp\u00f3sio Internacional de Hist\u00f3ria da Igreja come\u00e7ou em 25 de junho, refletindo sobre os 1.700 anos do Conc\u00edlio de Niceia com palestras teol\u00f3gicas e hist\u00f3ricas. O dia foi marcado por confer\u00eancias internacionais, momentos devocionais e apresenta\u00e7\u00f5es culturais.","robots":{"index":"index","follow":"follow","max-snippet":"max-snippet:-1","max-image-preview":"max-image-preview:large","max-video-preview":"max-video-preview:-1"},"canonical":"https:\/\/faculdadeluteranaconcordia.com.br\/site\/2025\/06\/27\/simposio-internacional-relembra-1700-anos-do-concilio-de-niceia\/","og_locale":"pt_PT","og_type":"article","og_title":"Simp\u00f3sio Internacional relembra 1.700 anos do Conc\u00edlio de Niceia com reflex\u00e3o teol\u00f3gica e hist\u00f3rica - Faculdade Luterana Conc\u00f3rdia","og_description":"O I Simp\u00f3sio Internacional de Hist\u00f3ria da Igreja come\u00e7ou em 25 de junho, refletindo sobre os 1.700 anos do Conc\u00edlio de Niceia com palestras teol\u00f3gicas e hist\u00f3ricas. O dia foi marcado por confer\u00eancias internacionais, momentos devocionais e apresenta\u00e7\u00f5es culturais.","og_url":"https:\/\/faculdadeluteranaconcordia.com.br\/site\/2025\/06\/27\/simposio-internacional-relembra-1700-anos-do-concilio-de-niceia\/","og_site_name":"Faculdade Luterana Conc\u00f3rdia","article_published_time":"2025-06-27T11:13:08+00:00","article_modified_time":"2025-06-27T11:54:16+00:00","og_image":[{"width":1280,"height":854,"url":"https:\/\/faculdadeluteranaconcordia.com.br\/site\/wp-content\/uploads\/2025\/06\/SimposioI.webp","type":"image\/webp"}],"author":"Lutero","twitter_card":"summary_large_image","twitter_image":"https:\/\/faculdadeluteranaconcordia.com.br\/site\/wp-content\/uploads\/2025\/06\/SimposioI.webp","twitter_misc":{"Escrito por":"Lutero","Tempo estimado de leitura":"2 minutos"},"schema":{"@context":"https:\/\/schema.org","@graph":[{"@type":"Article","@id":"https:\/\/faculdadeluteranaconcordia.com.br\/site\/2025\/06\/27\/simposio-internacional-relembra-1700-anos-do-concilio-de-niceia\/#article","isPartOf":{"@id":"https:\/\/faculdadeluteranaconcordia.com.br\/site\/2025\/06\/27\/simposio-internacional-relembra-1700-anos-do-concilio-de-niceia\/"},"author":{"name":"Lutero","@id":"https:\/\/faculdadeluteranaconcordia.com.br\/site\/#\/schema\/person\/446eb8360fd0672de59d10fcf4e86b8b"},"headline":"Simp\u00f3sio Internacional relembra 1.700 anos do Conc\u00edlio de Niceia com reflex\u00e3o teol\u00f3gica e hist\u00f3rica","datePublished":"2025-06-27T11:13:08+00:00","dateModified":"2025-06-27T11:54:16+00:00","mainEntityOfPage":{"@id":"https:\/\/faculdadeluteranaconcordia.com.br\/site\/2025\/06\/27\/simposio-internacional-relembra-1700-anos-do-concilio-de-niceia\/"},"wordCount":347,"commentCount":0,"publisher":{"@id":"https:\/\/faculdadeluteranaconcordia.com.br\/site\/#organization"},"image":{"@id":"https:\/\/faculdadeluteranaconcordia.com.br\/site\/2025\/06\/27\/simposio-internacional-relembra-1700-anos-do-concilio-de-niceia\/#primaryimage"},"thumbnailUrl":"https:\/\/faculdadeluteranaconcordia.com.br\/site\/wp-content\/uploads\/2025\/06\/SimposioI.webp","articleSection":["Not\u00edcia"],"inLanguage":"pt-PT","potentialAction":[{"@type":"CommentAction","name":"Comment","target":["https:\/\/faculdadeluteranaconcordia.com.br\/site\/2025\/06\/27\/simposio-internacional-relembra-1700-anos-do-concilio-de-niceia\/#respond"]}]},{"@type":"WebPage","@id":"https:\/\/faculdadeluteranaconcordia.com.br\/site\/2025\/06\/27\/simposio-internacional-relembra-1700-anos-do-concilio-de-niceia\/","url":"https:\/\/faculdadeluteranaconcordia.com.br\/site\/2025\/06\/27\/simposio-internacional-relembra-1700-anos-do-concilio-de-niceia\/","name":"Simp\u00f3sio Internacional relembra 1.700 anos do Conc\u00edlio de Niceia com reflex\u00e3o teol\u00f3gica e hist\u00f3rica - Faculdade Luterana Conc\u00f3rdia","isPartOf":{"@id":"https:\/\/faculdadeluteranaconcordia.com.br\/site\/#website"},"primaryImageOfPage":{"@id":"https:\/\/faculdadeluteranaconcordia.com.br\/site\/2025\/06\/27\/simposio-internacional-relembra-1700-anos-do-concilio-de-niceia\/#primaryimage"},"image":{"@id":"https:\/\/faculdadeluteranaconcordia.com.br\/site\/2025\/06\/27\/simposio-internacional-relembra-1700-anos-do-concilio-de-niceia\/#primaryimage"},"thumbnailUrl":"https:\/\/faculdadeluteranaconcordia.com.br\/site\/wp-content\/uploads\/2025\/06\/SimposioI.webp","datePublished":"2025-06-27T11:13:08+00:00","dateModified":"2025-06-27T11:54:16+00:00","description":"O I Simp\u00f3sio Internacional de Hist\u00f3ria da Igreja come\u00e7ou em 25 de junho, refletindo sobre os 1.700 anos do Conc\u00edlio de Niceia com palestras teol\u00f3gicas e hist\u00f3ricas. O dia foi marcado por confer\u00eancias internacionais, momentos devocionais e apresenta\u00e7\u00f5es culturais.","breadcrumb":{"@id":"https:\/\/faculdadeluteranaconcordia.com.br\/site\/2025\/06\/27\/simposio-internacional-relembra-1700-anos-do-concilio-de-niceia\/#breadcrumb"},"inLanguage":"pt-PT","potentialAction":[{"@type":"ReadAction","target":["https:\/\/faculdadeluteranaconcordia.com.br\/site\/2025\/06\/27\/simposio-internacional-relembra-1700-anos-do-concilio-de-niceia\/"]}]},{"@type":"ImageObject","inLanguage":"pt-PT","@id":"https:\/\/faculdadeluteranaconcordia.com.br\/site\/2025\/06\/27\/simposio-internacional-relembra-1700-anos-do-concilio-de-niceia\/#primaryimage","url":"https:\/\/faculdadeluteranaconcordia.com.br\/site\/wp-content\/uploads\/2025\/06\/SimposioI.webp","contentUrl":"https:\/\/faculdadeluteranaconcordia.com.br\/site\/wp-content\/uploads\/2025\/06\/SimposioI.webp","width":1280,"height":854},{"@type":"BreadcrumbList","@id":"https:\/\/faculdadeluteranaconcordia.com.br\/site\/2025\/06\/27\/simposio-internacional-relembra-1700-anos-do-concilio-de-niceia\/#breadcrumb","itemListElement":[{"@type":"ListItem","position":1,"name":"In\u00edcio","item":"https:\/\/faculdadeluteranaconcordia.com.br\/site\/"},{"@type":"ListItem","position":2,"name":"Simp\u00f3sio Internacional relembra 1.700 anos do Conc\u00edlio de Niceia com reflex\u00e3o teol\u00f3gica e hist\u00f3rica"}]},{"@type":"WebSite","@id":"https:\/\/faculdadeluteranaconcordia.com.br\/site\/#website","url":"https:\/\/faculdadeluteranaconcordia.com.br\/site\/","name":"Faculdade Luterana Conc\u00f3rdia","description":"Site Institucional da Faculdade Luterana","publisher":{"@id":"https:\/\/faculdadeluteranaconcordia.com.br\/site\/#organization"},"potentialAction":[{"@type":"SearchAction","target":{"@type":"EntryPoint","urlTemplate":"https:\/\/faculdadeluteranaconcordia.com.br\/site\/?s={search_term_string}"},"query-input":{"@type":"PropertyValueSpecification","valueRequired":true,"valueName":"search_term_string"}}],"inLanguage":"pt-PT"},{"@type":"Organization","@id":"https:\/\/faculdadeluteranaconcordia.com.br\/site\/#organization","name":"Faculdade Luterana Conc\u00f3rdia","url":"https:\/\/faculdadeluteranaconcordia.com.br\/site\/","logo":{"@type":"ImageObject","inLanguage":"pt-PT","@id":"https:\/\/faculdadeluteranaconcordia.com.br\/site\/#\/schema\/logo\/image\/","url":"https:\/\/faculdadeluteranaconcordia.com.br\/site\/wp-content\/uploads\/2023\/04\/LOGO-NOVO-FACULDADE-1.webp","contentUrl":"https:\/\/faculdadeluteranaconcordia.com.br\/site\/wp-content\/uploads\/2023\/04\/LOGO-NOVO-FACULDADE-1.webp","width":1200,"height":383,"caption":"Faculdade Luterana Conc\u00f3rdia"},"image":{"@id":"https:\/\/faculdadeluteranaconcordia.com.br\/site\/#\/schema\/logo\/image\/"}},{"@type":"Person","@id":"https:\/\/faculdadeluteranaconcordia.com.br\/site\/#\/schema\/person\/446eb8360fd0672de59d10fcf4e86b8b","name":"Lutero","image":{"@type":"ImageObject","inLanguage":"pt-PT","@id":"https:\/\/faculdadeluteranaconcordia.com.br\/site\/#\/schema\/person\/image\/","url":"https:\/\/secure.gravatar.com\/avatar\/f9e9e74d472c59c248b987e4fc8ce3e120726df22bb88cf395458cb57b97359a?s=96&d=mm&r=g","contentUrl":"https:\/\/secure.gravatar.com\/avatar\/f9e9e74d472c59c248b987e4fc8ce3e120726df22bb88cf395458cb57b97359a?s=96&d=mm&r=g","caption":"Lutero"},"sameAs":["https:\/\/faculdadeluteranaconcordia.com.br\/site"],"url":"https:\/\/faculdadeluteranaconcordia.com.br\/site\/author\/Lutero\/"}]}},"_links":{"self":[{"href":"https:\/\/faculdadeluteranaconcordia.com.br\/site\/wp-json\/wp\/v2\/posts\/2309","targetHints":{"allow":["GET"]}}],"collection":[{"href":"https:\/\/faculdadeluteranaconcordia.com.br\/site\/wp-json\/wp\/v2\/posts"}],"about":[{"href":"https:\/\/faculdadeluteranaconcordia.com.br\/site\/wp-json\/wp\/v2\/types\/post"}],"author":[{"embeddable":true,"href":"https:\/\/faculdadeluteranaconcordia.com.br\/site\/wp-json\/wp\/v2\/users\/1"}],"replies":[{"embeddable":true,"href":"https:\/\/faculdadeluteranaconcordia.com.br\/site\/wp-json\/wp\/v2\/comments?post=2309"}],"version-history":[{"count":5,"href":"https:\/\/faculdadeluteranaconcordia.com.br\/site\/wp-json\/wp\/v2\/posts\/2309\/revisions"}],"predecessor-version":[{"id":2316,"href":"https:\/\/faculdadeluteranaconcordia.com.br\/site\/wp-json\/wp\/v2\/posts\/2309\/revisions\/2316"}],"wp:featuredmedia":[{"embeddable":true,"href":"https:\/\/faculdadeluteranaconcordia.com.br\/site\/wp-json\/wp\/v2\/media\/2310"}],"wp:attachment":[{"href":"https:\/\/faculdadeluteranaconcordia.com.br\/site\/wp-json\/wp\/v2\/media?parent=2309"}],"wp:term":[{"taxonomy":"category","embeddable":true,"href":"https:\/\/faculdadeluteranaconcordia.com.br\/site\/wp-json\/wp\/v2\/categories?post=2309"},{"taxonomy":"post_tag","embeddable":true,"href":"https:\/\/faculdadeluteranaconcordia.com.br\/site\/wp-json\/wp\/v2\/tags?post=2309"}],"curies":[{"name":"wp","href":"https:\/\/api.w.org\/{rel}","templated":true}]}}