{"id":2346,"date":"2025-06-30T14:26:55","date_gmt":"2025-06-30T14:26:55","guid":{"rendered":"https:\/\/faculdadeluteranaconcordia.com.br\/site\/?p=2346"},"modified":"2025-06-30T14:26:55","modified_gmt":"2025-06-30T14:26:55","slug":"segundo-dia-do-simposio-internacional-de-historia-da-igreja-destaca-a-relevancia-do-concilio-de-niceia-e-inicio-do-primeiro-dia-do-simposio-de-lutero","status":"publish","type":"post","link":"https:\/\/faculdadeluteranaconcordia.com.br\/site\/2025\/06\/30\/segundo-dia-do-simposio-internacional-de-historia-da-igreja-destaca-a-relevancia-do-concilio-de-niceia-e-inicio-do-primeiro-dia-do-simposio-de-lutero\/","title":{"rendered":"Segundo dia do Simp\u00f3sio Internacional de Hist\u00f3ria da Igreja destaca a relev\u00e2ncia do Conc\u00edlio de Niceia e in\u00edcio do primeiro dia do Simp\u00f3sio de Lutero"},"content":{"rendered":"<p>No dia 26, teve in\u00edcio o segundo dia do Simp\u00f3sio Internacional de Hist\u00f3ria da Igreja, dando continuidade ao ciclo de palestras que prop\u00f5em novas abordagens e interpreta\u00e7\u00f5es sobre o Conc\u00edlio de Niceia.<\/p>\n<p>Logo pela manh\u00e3, a Dra. Luise Marion Frenkel ministrou a palestra intitulada \u201cO Conc\u00edlio de Nic\u00e9ia nas Prov\u00edncias Orientais e al\u00e9m das Fronteiras Romanas\u201d, trazendo uma nova vis\u00e3o sobre sua relev\u00e2ncia nas diferentes regi\u00f5es do cristianismo antigo.<\/p>\n<p>O encerramento do simp\u00f3sio foi marcado por um momento significativo. O lan\u00e7amento oficial da revista Hist\u00f3ria Sacra, apresentada pelo Prof. Francis Dietrich Hoffmann, que destacou sua proposta editorial e contribui\u00e7\u00e3o para os estudos hist\u00f3ricos e teol\u00f3gicos.<\/p>\n<p>Durante o lan\u00e7amento, o seminarista Samuel Horst juntou-se ao professor para apresentar a obra visual que ilustra a capa da edi\u00e7\u00e3o inaugural: a tela intitulada &#8220;O Senhor da Hist\u00f3ria&#8221;, criada especialmente para a publica\u00e7\u00e3o. A obra foi concebida com o prop\u00f3sito de destacar a a\u00e7\u00e3o de Cristo em cada detalhe da Hist\u00f3ria, revelando uma riqueza simb\u00f3lica que dialoga diretamente com a doutrina luterana e o conte\u00fado da revista.<\/p>\n<p>Ainda no mesmo dia, teve in\u00edcio o Simp\u00f3sio Internacional de Lutero, com o tema \u201cLutero e a F\u00e9 Nicena\u201d. A abertura contou com a acolhida e apresenta\u00e7\u00e3o conduzidas pelo Prof. Dr. Francis D. Hoffmann.<\/p>\n<p>Na sequ\u00eancia, o Dr. Claus Schwambach proferiu a palestra \u201cA F\u00e9 Nicena na Vida da Igreja\u201d, abordando como os ensinamentos do Conc\u00edlio de Niceia se manifestam na pr\u00e1tica e na viv\u00eancia da f\u00e9 crist\u00e3 ao longo da hist\u00f3ria.<\/p>\n<p>Encerrando o ciclo de confer\u00eancias do dia, o Dr. Ricardo Willy Rieth apresentou a palestra \u201cA F\u00e9 Nicena nos Escritos de Lutero\u201d, explorando como o reformador compreendeu e incorporou os princ\u00edpios do Credo Niceno em sua teologia.<\/p>\n","protected":false},"excerpt":{"rendered":"<p>Segundo dia do Simp\u00f3sio Internacional de Hist\u00f3ria da Igreja destaca a relev\u00e2ncia do Conc\u00edlio de Niceia e in\u00edcio do primeiro dia do Simp\u00f3sio de Lutero<\/p>\n","protected":false},"author":1,"featured_media":2347,"comment_status":"open","ping_status":"open","sticky":false,"template":"","format":"standard","meta":{"_acf_changed":false,"footnotes":""},"categories":[1],"tags":[],"class_list":["post-2346","post","type-post","status-publish","format-standard","has-post-thumbnail","hentry","category-uncategorized"],"acf":[],"yoast_head":"<!-- This site is optimized with the Yoast SEO plugin v25.3.1 - https:\/\/yoast.com\/wordpress\/plugins\/seo\/ -->\n<title>Segundo dia do Simp\u00f3sio Internacional de Hist\u00f3ria da Igreja destaca a relev\u00e2ncia do Conc\u00edlio de Niceia e in\u00edcio do primeiro dia do Simp\u00f3sio de Lutero - Faculdade Luterana Conc\u00f3rdia<\/title>\n<meta name=\"description\" content=\"O I Simp\u00f3sio Internacional de Hist\u00f3ria da Igreja come\u00e7ou em 25 de junho, refletindo sobre os 1.700 anos do Conc\u00edlio de Niceia com palestras teol\u00f3gicas e hist\u00f3ricas. O dia foi marcado por confer\u00eancias internacionais, momentos devocionais e apresenta\u00e7\u00f5es culturais.\" \/>\n<meta name=\"robots\" content=\"index, follow, max-snippet:-1, max-image-preview:large, max-video-preview:-1\" \/>\n<link rel=\"canonical\" href=\"https:\/\/faculdadeluteranaconcordia.com.br\/site\/2025\/06\/30\/segundo-dia-do-simposio-internacional-de-historia-da-igreja-destaca-a-relevancia-do-concilio-de-niceia-e-inicio-do-primeiro-dia-do-simposio-de-lutero\/\" \/>\n<meta property=\"og:locale\" content=\"pt_PT\" \/>\n<meta property=\"og:type\" content=\"article\" \/>\n<meta property=\"og:title\" content=\"Segundo dia do Simp\u00f3sio Internacional de Hist\u00f3ria da Igreja destaca a relev\u00e2ncia do Conc\u00edlio de Niceia e in\u00edcio do primeiro dia do Simp\u00f3sio de Lutero - Faculdade Luterana Conc\u00f3rdia\" \/>\n<meta property=\"og:description\" content=\"No dia 26, o Simp\u00f3sio de Hist\u00f3ria da Igreja seguiu com reflex\u00f5es sobre Niceia, incluindo palestra da Dra. Frenkel e o lan\u00e7amento da revista Hist\u00f3ria Sacra. No mesmo dia, iniciou-se o Simp\u00f3sio de Lutero, com exposi\u00e7\u00f5es sobre a f\u00e9 nicena na Igreja e nos escritos do reformador.\" \/>\n<meta property=\"og:url\" content=\"https:\/\/faculdadeluteranaconcordia.com.br\/site\/2025\/06\/30\/segundo-dia-do-simposio-internacional-de-historia-da-igreja-destaca-a-relevancia-do-concilio-de-niceia-e-inicio-do-primeiro-dia-do-simposio-de-lutero\/\" \/>\n<meta property=\"og:site_name\" content=\"Faculdade Luterana Conc\u00f3rdia\" \/>\n<meta property=\"article:published_time\" content=\"2025-06-30T14:26:55+00:00\" \/>\n<meta property=\"og:image\" content=\"https:\/\/faculdadeluteranaconcordia.com.br\/site\/wp-content\/uploads\/2025\/06\/O-Senhor-da-Historia.webp\" \/>\n\t<meta property=\"og:image:width\" content=\"1280\" \/>\n\t<meta property=\"og:image:height\" content=\"854\" \/>\n\t<meta property=\"og:image:type\" content=\"image\/webp\" \/>\n<meta name=\"author\" content=\"Lutero\" \/>\n<meta name=\"twitter:card\" content=\"summary_large_image\" \/>\n<meta name=\"twitter:image\" content=\"https:\/\/faculdadeluteranaconcordia.com.br\/site\/wp-content\/uploads\/2025\/06\/SimposioI.webp\" \/>\n<meta name=\"twitter:label1\" content=\"Escrito por\" \/>\n\t<meta name=\"twitter:data1\" content=\"Lutero\" \/>\n\t<meta name=\"twitter:label2\" content=\"Tempo estimado de leitura\" \/>\n\t<meta name=\"twitter:data2\" content=\"2 minutos\" \/>\n<script type=\"application\/ld+json\" class=\"yoast-schema-graph\">{\"@context\":\"https:\/\/schema.org\",\"@graph\":[{\"@type\":\"Article\",\"@id\":\"https:\/\/faculdadeluteranaconcordia.com.br\/site\/2025\/06\/30\/segundo-dia-do-simposio-internacional-de-historia-da-igreja-destaca-a-relevancia-do-concilio-de-niceia-e-inicio-do-primeiro-dia-do-simposio-de-lutero\/#article\",\"isPartOf\":{\"@id\":\"https:\/\/faculdadeluteranaconcordia.com.br\/site\/2025\/06\/30\/segundo-dia-do-simposio-internacional-de-historia-da-igreja-destaca-a-relevancia-do-concilio-de-niceia-e-inicio-do-primeiro-dia-do-simposio-de-lutero\/\"},\"author\":{\"name\":\"Lutero\",\"@id\":\"https:\/\/faculdadeluteranaconcordia.com.br\/site\/#\/schema\/person\/446eb8360fd0672de59d10fcf4e86b8b\"},\"headline\":\"Segundo dia do Simp\u00f3sio Internacional de Hist\u00f3ria da Igreja destaca a relev\u00e2ncia do Conc\u00edlio de Niceia e in\u00edcio do primeiro dia do Simp\u00f3sio de Lutero\",\"datePublished\":\"2025-06-30T14:26:55+00:00\",\"mainEntityOfPage\":{\"@id\":\"https:\/\/faculdadeluteranaconcordia.com.br\/site\/2025\/06\/30\/segundo-dia-do-simposio-internacional-de-historia-da-igreja-destaca-a-relevancia-do-concilio-de-niceia-e-inicio-do-primeiro-dia-do-simposio-de-lutero\/\"},\"wordCount\":350,\"commentCount\":0,\"publisher\":{\"@id\":\"https:\/\/faculdadeluteranaconcordia.com.br\/site\/#organization\"},\"image\":{\"@id\":\"https:\/\/faculdadeluteranaconcordia.com.br\/site\/2025\/06\/30\/segundo-dia-do-simposio-internacional-de-historia-da-igreja-destaca-a-relevancia-do-concilio-de-niceia-e-inicio-do-primeiro-dia-do-simposio-de-lutero\/#primaryimage\"},\"thumbnailUrl\":\"https:\/\/faculdadeluteranaconcordia.com.br\/site\/wp-content\/uploads\/2025\/06\/O-Senhor-da-Historia.webp\",\"articleSection\":[\"Not\u00edcia\"],\"inLanguage\":\"pt-PT\",\"potentialAction\":[{\"@type\":\"CommentAction\",\"name\":\"Comment\",\"target\":[\"https:\/\/faculdadeluteranaconcordia.com.br\/site\/2025\/06\/30\/segundo-dia-do-simposio-internacional-de-historia-da-igreja-destaca-a-relevancia-do-concilio-de-niceia-e-inicio-do-primeiro-dia-do-simposio-de-lutero\/#respond\"]}]},{\"@type\":\"WebPage\",\"@id\":\"https:\/\/faculdadeluteranaconcordia.com.br\/site\/2025\/06\/30\/segundo-dia-do-simposio-internacional-de-historia-da-igreja-destaca-a-relevancia-do-concilio-de-niceia-e-inicio-do-primeiro-dia-do-simposio-de-lutero\/\",\"url\":\"https:\/\/faculdadeluteranaconcordia.com.br\/site\/2025\/06\/30\/segundo-dia-do-simposio-internacional-de-historia-da-igreja-destaca-a-relevancia-do-concilio-de-niceia-e-inicio-do-primeiro-dia-do-simposio-de-lutero\/\",\"name\":\"Segundo dia do Simp\u00f3sio Internacional de Hist\u00f3ria da Igreja destaca a relev\u00e2ncia do Conc\u00edlio de Niceia e in\u00edcio do primeiro dia do Simp\u00f3sio de Lutero - Faculdade Luterana Conc\u00f3rdia\",\"isPartOf\":{\"@id\":\"https:\/\/faculdadeluteranaconcordia.com.br\/site\/#website\"},\"primaryImageOfPage\":{\"@id\":\"https:\/\/faculdadeluteranaconcordia.com.br\/site\/2025\/06\/30\/segundo-dia-do-simposio-internacional-de-historia-da-igreja-destaca-a-relevancia-do-concilio-de-niceia-e-inicio-do-primeiro-dia-do-simposio-de-lutero\/#primaryimage\"},\"image\":{\"@id\":\"https:\/\/faculdadeluteranaconcordia.com.br\/site\/2025\/06\/30\/segundo-dia-do-simposio-internacional-de-historia-da-igreja-destaca-a-relevancia-do-concilio-de-niceia-e-inicio-do-primeiro-dia-do-simposio-de-lutero\/#primaryimage\"},\"thumbnailUrl\":\"https:\/\/faculdadeluteranaconcordia.com.br\/site\/wp-content\/uploads\/2025\/06\/O-Senhor-da-Historia.webp\",\"datePublished\":\"2025-06-30T14:26:55+00:00\",\"description\":\"O I Simp\u00f3sio Internacional de Hist\u00f3ria da Igreja come\u00e7ou em 25 de junho, refletindo sobre os 1.700 anos do Conc\u00edlio de Niceia com palestras teol\u00f3gicas e hist\u00f3ricas. O dia foi marcado por confer\u00eancias internacionais, momentos devocionais e apresenta\u00e7\u00f5es culturais.\",\"breadcrumb\":{\"@id\":\"https:\/\/faculdadeluteranaconcordia.com.br\/site\/2025\/06\/30\/segundo-dia-do-simposio-internacional-de-historia-da-igreja-destaca-a-relevancia-do-concilio-de-niceia-e-inicio-do-primeiro-dia-do-simposio-de-lutero\/#breadcrumb\"},\"inLanguage\":\"pt-PT\",\"potentialAction\":[{\"@type\":\"ReadAction\",\"target\":[\"https:\/\/faculdadeluteranaconcordia.com.br\/site\/2025\/06\/30\/segundo-dia-do-simposio-internacional-de-historia-da-igreja-destaca-a-relevancia-do-concilio-de-niceia-e-inicio-do-primeiro-dia-do-simposio-de-lutero\/\"]}]},{\"@type\":\"ImageObject\",\"inLanguage\":\"pt-PT\",\"@id\":\"https:\/\/faculdadeluteranaconcordia.com.br\/site\/2025\/06\/30\/segundo-dia-do-simposio-internacional-de-historia-da-igreja-destaca-a-relevancia-do-concilio-de-niceia-e-inicio-do-primeiro-dia-do-simposio-de-lutero\/#primaryimage\",\"url\":\"https:\/\/faculdadeluteranaconcordia.com.br\/site\/wp-content\/uploads\/2025\/06\/O-Senhor-da-Historia.webp\",\"contentUrl\":\"https:\/\/faculdadeluteranaconcordia.com.br\/site\/wp-content\/uploads\/2025\/06\/O-Senhor-da-Historia.webp\",\"width\":1280,\"height\":854},{\"@type\":\"BreadcrumbList\",\"@id\":\"https:\/\/faculdadeluteranaconcordia.com.br\/site\/2025\/06\/30\/segundo-dia-do-simposio-internacional-de-historia-da-igreja-destaca-a-relevancia-do-concilio-de-niceia-e-inicio-do-primeiro-dia-do-simposio-de-lutero\/#breadcrumb\",\"itemListElement\":[{\"@type\":\"ListItem\",\"position\":1,\"name\":\"In\u00edcio\",\"item\":\"https:\/\/faculdadeluteranaconcordia.com.br\/site\/\"},{\"@type\":\"ListItem\",\"position\":2,\"name\":\"Segundo dia do Simp\u00f3sio Internacional de Hist\u00f3ria da Igreja destaca a relev\u00e2ncia do Conc\u00edlio de Niceia e in\u00edcio do primeiro dia do Simp\u00f3sio de Lutero\"}]},{\"@type\":\"WebSite\",\"@id\":\"https:\/\/faculdadeluteranaconcordia.com.br\/site\/#website\",\"url\":\"https:\/\/faculdadeluteranaconcordia.com.br\/site\/\",\"name\":\"Faculdade Luterana Conc\u00f3rdia\",\"description\":\"Site Institucional da Faculdade Luterana\",\"publisher\":{\"@id\":\"https:\/\/faculdadeluteranaconcordia.com.br\/site\/#organization\"},\"potentialAction\":[{\"@type\":\"SearchAction\",\"target\":{\"@type\":\"EntryPoint\",\"urlTemplate\":\"https:\/\/faculdadeluteranaconcordia.com.br\/site\/?s={search_term_string}\"},\"query-input\":{\"@type\":\"PropertyValueSpecification\",\"valueRequired\":true,\"valueName\":\"search_term_string\"}}],\"inLanguage\":\"pt-PT\"},{\"@type\":\"Organization\",\"@id\":\"https:\/\/faculdadeluteranaconcordia.com.br\/site\/#organization\",\"name\":\"Faculdade Luterana Conc\u00f3rdia\",\"url\":\"https:\/\/faculdadeluteranaconcordia.com.br\/site\/\",\"logo\":{\"@type\":\"ImageObject\",\"inLanguage\":\"pt-PT\",\"@id\":\"https:\/\/faculdadeluteranaconcordia.com.br\/site\/#\/schema\/logo\/image\/\",\"url\":\"https:\/\/faculdadeluteranaconcordia.com.br\/site\/wp-content\/uploads\/2023\/04\/LOGO-NOVO-FACULDADE-1.webp\",\"contentUrl\":\"https:\/\/faculdadeluteranaconcordia.com.br\/site\/wp-content\/uploads\/2023\/04\/LOGO-NOVO-FACULDADE-1.webp\",\"width\":1200,\"height\":383,\"caption\":\"Faculdade Luterana Conc\u00f3rdia\"},\"image\":{\"@id\":\"https:\/\/faculdadeluteranaconcordia.com.br\/site\/#\/schema\/logo\/image\/\"}},{\"@type\":\"Person\",\"@id\":\"https:\/\/faculdadeluteranaconcordia.com.br\/site\/#\/schema\/person\/446eb8360fd0672de59d10fcf4e86b8b\",\"name\":\"Lutero\",\"image\":{\"@type\":\"ImageObject\",\"inLanguage\":\"pt-PT\",\"@id\":\"https:\/\/faculdadeluteranaconcordia.com.br\/site\/#\/schema\/person\/image\/\",\"url\":\"https:\/\/secure.gravatar.com\/avatar\/f9e9e74d472c59c248b987e4fc8ce3e120726df22bb88cf395458cb57b97359a?s=96&d=mm&r=g\",\"contentUrl\":\"https:\/\/secure.gravatar.com\/avatar\/f9e9e74d472c59c248b987e4fc8ce3e120726df22bb88cf395458cb57b97359a?s=96&d=mm&r=g\",\"caption\":\"Lutero\"},\"sameAs\":[\"https:\/\/faculdadeluteranaconcordia.com.br\/site\"],\"url\":\"https:\/\/faculdadeluteranaconcordia.com.br\/site\/author\/Lutero\/\"}]}<\/script>\n<!-- \/ Yoast SEO plugin. -->","yoast_head_json":{"title":"Segundo dia do Simp\u00f3sio Internacional de Hist\u00f3ria da Igreja destaca a relev\u00e2ncia do Conc\u00edlio de Niceia e in\u00edcio do primeiro dia do Simp\u00f3sio de Lutero - Faculdade Luterana Conc\u00f3rdia","description":"O I Simp\u00f3sio Internacional de Hist\u00f3ria da Igreja come\u00e7ou em 25 de junho, refletindo sobre os 1.700 anos do Conc\u00edlio de Niceia com palestras teol\u00f3gicas e hist\u00f3ricas. O dia foi marcado por confer\u00eancias internacionais, momentos devocionais e apresenta\u00e7\u00f5es culturais.","robots":{"index":"index","follow":"follow","max-snippet":"max-snippet:-1","max-image-preview":"max-image-preview:large","max-video-preview":"max-video-preview:-1"},"canonical":"https:\/\/faculdadeluteranaconcordia.com.br\/site\/2025\/06\/30\/segundo-dia-do-simposio-internacional-de-historia-da-igreja-destaca-a-relevancia-do-concilio-de-niceia-e-inicio-do-primeiro-dia-do-simposio-de-lutero\/","og_locale":"pt_PT","og_type":"article","og_title":"Segundo dia do Simp\u00f3sio Internacional de Hist\u00f3ria da Igreja destaca a relev\u00e2ncia do Conc\u00edlio de Niceia e in\u00edcio do primeiro dia do Simp\u00f3sio de Lutero - Faculdade Luterana Conc\u00f3rdia","og_description":"No dia 26, o Simp\u00f3sio de Hist\u00f3ria da Igreja seguiu com reflex\u00f5es sobre Niceia, incluindo palestra da Dra. Frenkel e o lan\u00e7amento da revista Hist\u00f3ria Sacra. No mesmo dia, iniciou-se o Simp\u00f3sio de Lutero, com exposi\u00e7\u00f5es sobre a f\u00e9 nicena na Igreja e nos escritos do reformador.","og_url":"https:\/\/faculdadeluteranaconcordia.com.br\/site\/2025\/06\/30\/segundo-dia-do-simposio-internacional-de-historia-da-igreja-destaca-a-relevancia-do-concilio-de-niceia-e-inicio-do-primeiro-dia-do-simposio-de-lutero\/","og_site_name":"Faculdade Luterana Conc\u00f3rdia","article_published_time":"2025-06-30T14:26:55+00:00","og_image":[{"width":1280,"height":854,"url":"https:\/\/faculdadeluteranaconcordia.com.br\/site\/wp-content\/uploads\/2025\/06\/O-Senhor-da-Historia.webp","type":"image\/webp"}],"author":"Lutero","twitter_card":"summary_large_image","twitter_image":"https:\/\/faculdadeluteranaconcordia.com.br\/site\/wp-content\/uploads\/2025\/06\/SimposioI.webp","twitter_misc":{"Escrito por":"Lutero","Tempo estimado de leitura":"2 minutos"},"schema":{"@context":"https:\/\/schema.org","@graph":[{"@type":"Article","@id":"https:\/\/faculdadeluteranaconcordia.com.br\/site\/2025\/06\/30\/segundo-dia-do-simposio-internacional-de-historia-da-igreja-destaca-a-relevancia-do-concilio-de-niceia-e-inicio-do-primeiro-dia-do-simposio-de-lutero\/#article","isPartOf":{"@id":"https:\/\/faculdadeluteranaconcordia.com.br\/site\/2025\/06\/30\/segundo-dia-do-simposio-internacional-de-historia-da-igreja-destaca-a-relevancia-do-concilio-de-niceia-e-inicio-do-primeiro-dia-do-simposio-de-lutero\/"},"author":{"name":"Lutero","@id":"https:\/\/faculdadeluteranaconcordia.com.br\/site\/#\/schema\/person\/446eb8360fd0672de59d10fcf4e86b8b"},"headline":"Segundo dia do Simp\u00f3sio Internacional de Hist\u00f3ria da Igreja destaca a relev\u00e2ncia do Conc\u00edlio de Niceia e in\u00edcio do primeiro dia do Simp\u00f3sio de Lutero","datePublished":"2025-06-30T14:26:55+00:00","mainEntityOfPage":{"@id":"https:\/\/faculdadeluteranaconcordia.com.br\/site\/2025\/06\/30\/segundo-dia-do-simposio-internacional-de-historia-da-igreja-destaca-a-relevancia-do-concilio-de-niceia-e-inicio-do-primeiro-dia-do-simposio-de-lutero\/"},"wordCount":350,"commentCount":0,"publisher":{"@id":"https:\/\/faculdadeluteranaconcordia.com.br\/site\/#organization"},"image":{"@id":"https:\/\/faculdadeluteranaconcordia.com.br\/site\/2025\/06\/30\/segundo-dia-do-simposio-internacional-de-historia-da-igreja-destaca-a-relevancia-do-concilio-de-niceia-e-inicio-do-primeiro-dia-do-simposio-de-lutero\/#primaryimage"},"thumbnailUrl":"https:\/\/faculdadeluteranaconcordia.com.br\/site\/wp-content\/uploads\/2025\/06\/O-Senhor-da-Historia.webp","articleSection":["Not\u00edcia"],"inLanguage":"pt-PT","potentialAction":[{"@type":"CommentAction","name":"Comment","target":["https:\/\/faculdadeluteranaconcordia.com.br\/site\/2025\/06\/30\/segundo-dia-do-simposio-internacional-de-historia-da-igreja-destaca-a-relevancia-do-concilio-de-niceia-e-inicio-do-primeiro-dia-do-simposio-de-lutero\/#respond"]}]},{"@type":"WebPage","@id":"https:\/\/faculdadeluteranaconcordia.com.br\/site\/2025\/06\/30\/segundo-dia-do-simposio-internacional-de-historia-da-igreja-destaca-a-relevancia-do-concilio-de-niceia-e-inicio-do-primeiro-dia-do-simposio-de-lutero\/","url":"https:\/\/faculdadeluteranaconcordia.com.br\/site\/2025\/06\/30\/segundo-dia-do-simposio-internacional-de-historia-da-igreja-destaca-a-relevancia-do-concilio-de-niceia-e-inicio-do-primeiro-dia-do-simposio-de-lutero\/","name":"Segundo dia do Simp\u00f3sio Internacional de Hist\u00f3ria da Igreja destaca a relev\u00e2ncia do Conc\u00edlio de Niceia e in\u00edcio do primeiro dia do Simp\u00f3sio de Lutero - Faculdade Luterana Conc\u00f3rdia","isPartOf":{"@id":"https:\/\/faculdadeluteranaconcordia.com.br\/site\/#website"},"primaryImageOfPage":{"@id":"https:\/\/faculdadeluteranaconcordia.com.br\/site\/2025\/06\/30\/segundo-dia-do-simposio-internacional-de-historia-da-igreja-destaca-a-relevancia-do-concilio-de-niceia-e-inicio-do-primeiro-dia-do-simposio-de-lutero\/#primaryimage"},"image":{"@id":"https:\/\/faculdadeluteranaconcordia.com.br\/site\/2025\/06\/30\/segundo-dia-do-simposio-internacional-de-historia-da-igreja-destaca-a-relevancia-do-concilio-de-niceia-e-inicio-do-primeiro-dia-do-simposio-de-lutero\/#primaryimage"},"thumbnailUrl":"https:\/\/faculdadeluteranaconcordia.com.br\/site\/wp-content\/uploads\/2025\/06\/O-Senhor-da-Historia.webp","datePublished":"2025-06-30T14:26:55+00:00","description":"O I Simp\u00f3sio Internacional de Hist\u00f3ria da Igreja come\u00e7ou em 25 de junho, refletindo sobre os 1.700 anos do Conc\u00edlio de Niceia com palestras teol\u00f3gicas e hist\u00f3ricas. O dia foi marcado por confer\u00eancias internacionais, momentos devocionais e apresenta\u00e7\u00f5es culturais.","breadcrumb":{"@id":"https:\/\/faculdadeluteranaconcordia.com.br\/site\/2025\/06\/30\/segundo-dia-do-simposio-internacional-de-historia-da-igreja-destaca-a-relevancia-do-concilio-de-niceia-e-inicio-do-primeiro-dia-do-simposio-de-lutero\/#breadcrumb"},"inLanguage":"pt-PT","potentialAction":[{"@type":"ReadAction","target":["https:\/\/faculdadeluteranaconcordia.com.br\/site\/2025\/06\/30\/segundo-dia-do-simposio-internacional-de-historia-da-igreja-destaca-a-relevancia-do-concilio-de-niceia-e-inicio-do-primeiro-dia-do-simposio-de-lutero\/"]}]},{"@type":"ImageObject","inLanguage":"pt-PT","@id":"https:\/\/faculdadeluteranaconcordia.com.br\/site\/2025\/06\/30\/segundo-dia-do-simposio-internacional-de-historia-da-igreja-destaca-a-relevancia-do-concilio-de-niceia-e-inicio-do-primeiro-dia-do-simposio-de-lutero\/#primaryimage","url":"https:\/\/faculdadeluteranaconcordia.com.br\/site\/wp-content\/uploads\/2025\/06\/O-Senhor-da-Historia.webp","contentUrl":"https:\/\/faculdadeluteranaconcordia.com.br\/site\/wp-content\/uploads\/2025\/06\/O-Senhor-da-Historia.webp","width":1280,"height":854},{"@type":"BreadcrumbList","@id":"https:\/\/faculdadeluteranaconcordia.com.br\/site\/2025\/06\/30\/segundo-dia-do-simposio-internacional-de-historia-da-igreja-destaca-a-relevancia-do-concilio-de-niceia-e-inicio-do-primeiro-dia-do-simposio-de-lutero\/#breadcrumb","itemListElement":[{"@type":"ListItem","position":1,"name":"In\u00edcio","item":"https:\/\/faculdadeluteranaconcordia.com.br\/site\/"},{"@type":"ListItem","position":2,"name":"Segundo dia do Simp\u00f3sio Internacional de Hist\u00f3ria da Igreja destaca a relev\u00e2ncia do Conc\u00edlio de Niceia e in\u00edcio do primeiro dia do Simp\u00f3sio de Lutero"}]},{"@type":"WebSite","@id":"https:\/\/faculdadeluteranaconcordia.com.br\/site\/#website","url":"https:\/\/faculdadeluteranaconcordia.com.br\/site\/","name":"Faculdade Luterana Conc\u00f3rdia","description":"Site Institucional da Faculdade Luterana","publisher":{"@id":"https:\/\/faculdadeluteranaconcordia.com.br\/site\/#organization"},"potentialAction":[{"@type":"SearchAction","target":{"@type":"EntryPoint","urlTemplate":"https:\/\/faculdadeluteranaconcordia.com.br\/site\/?s={search_term_string}"},"query-input":{"@type":"PropertyValueSpecification","valueRequired":true,"valueName":"search_term_string"}}],"inLanguage":"pt-PT"},{"@type":"Organization","@id":"https:\/\/faculdadeluteranaconcordia.com.br\/site\/#organization","name":"Faculdade Luterana Conc\u00f3rdia","url":"https:\/\/faculdadeluteranaconcordia.com.br\/site\/","logo":{"@type":"ImageObject","inLanguage":"pt-PT","@id":"https:\/\/faculdadeluteranaconcordia.com.br\/site\/#\/schema\/logo\/image\/","url":"https:\/\/faculdadeluteranaconcordia.com.br\/site\/wp-content\/uploads\/2023\/04\/LOGO-NOVO-FACULDADE-1.webp","contentUrl":"https:\/\/faculdadeluteranaconcordia.com.br\/site\/wp-content\/uploads\/2023\/04\/LOGO-NOVO-FACULDADE-1.webp","width":1200,"height":383,"caption":"Faculdade Luterana Conc\u00f3rdia"},"image":{"@id":"https:\/\/faculdadeluteranaconcordia.com.br\/site\/#\/schema\/logo\/image\/"}},{"@type":"Person","@id":"https:\/\/faculdadeluteranaconcordia.com.br\/site\/#\/schema\/person\/446eb8360fd0672de59d10fcf4e86b8b","name":"Lutero","image":{"@type":"ImageObject","inLanguage":"pt-PT","@id":"https:\/\/faculdadeluteranaconcordia.com.br\/site\/#\/schema\/person\/image\/","url":"https:\/\/secure.gravatar.com\/avatar\/f9e9e74d472c59c248b987e4fc8ce3e120726df22bb88cf395458cb57b97359a?s=96&d=mm&r=g","contentUrl":"https:\/\/secure.gravatar.com\/avatar\/f9e9e74d472c59c248b987e4fc8ce3e120726df22bb88cf395458cb57b97359a?s=96&d=mm&r=g","caption":"Lutero"},"sameAs":["https:\/\/faculdadeluteranaconcordia.com.br\/site"],"url":"https:\/\/faculdadeluteranaconcordia.com.br\/site\/author\/Lutero\/"}]}},"_links":{"self":[{"href":"https:\/\/faculdadeluteranaconcordia.com.br\/site\/wp-json\/wp\/v2\/posts\/2346","targetHints":{"allow":["GET"]}}],"collection":[{"href":"https:\/\/faculdadeluteranaconcordia.com.br\/site\/wp-json\/wp\/v2\/posts"}],"about":[{"href":"https:\/\/faculdadeluteranaconcordia.com.br\/site\/wp-json\/wp\/v2\/types\/post"}],"author":[{"embeddable":true,"href":"https:\/\/faculdadeluteranaconcordia.com.br\/site\/wp-json\/wp\/v2\/users\/1"}],"replies":[{"embeddable":true,"href":"https:\/\/faculdadeluteranaconcordia.com.br\/site\/wp-json\/wp\/v2\/comments?post=2346"}],"version-history":[{"count":1,"href":"https:\/\/faculdadeluteranaconcordia.com.br\/site\/wp-json\/wp\/v2\/posts\/2346\/revisions"}],"predecessor-version":[{"id":2348,"href":"https:\/\/faculdadeluteranaconcordia.com.br\/site\/wp-json\/wp\/v2\/posts\/2346\/revisions\/2348"}],"wp:featuredmedia":[{"embeddable":true,"href":"https:\/\/faculdadeluteranaconcordia.com.br\/site\/wp-json\/wp\/v2\/media\/2347"}],"wp:attachment":[{"href":"https:\/\/faculdadeluteranaconcordia.com.br\/site\/wp-json\/wp\/v2\/media?parent=2346"}],"wp:term":[{"taxonomy":"category","embeddable":true,"href":"https:\/\/faculdadeluteranaconcordia.com.br\/site\/wp-json\/wp\/v2\/categories?post=2346"},{"taxonomy":"post_tag","embeddable":true,"href":"https:\/\/faculdadeluteranaconcordia.com.br\/site\/wp-json\/wp\/v2\/tags?post=2346"}],"curies":[{"name":"wp","href":"https:\/\/api.w.org\/{rel}","templated":true}]}}