{"id":2349,"date":"2025-06-30T20:25:38","date_gmt":"2025-06-30T20:25:38","guid":{"rendered":"https:\/\/faculdadeluteranaconcordia.com.br\/site\/?p=2349"},"modified":"2025-06-30T21:14:26","modified_gmt":"2025-06-30T21:14:26","slug":"segundo-dia-do-simposio-de-lutero-encerra-reflexoes-sobre-a-fe-nicena","status":"publish","type":"post","link":"https:\/\/faculdadeluteranaconcordia.com.br\/site\/2025\/06\/30\/segundo-dia-do-simposio-de-lutero-encerra-reflexoes-sobre-a-fe-nicena\/","title":{"rendered":"Segundo dia do Simp\u00f3sio de Lutero encerra reflex\u00f5es sobre a F\u00e9 Nicena"},"content":{"rendered":"<p>Na sexta-feira, dia 27, ocorreu o segundo e \u00faltimo dia do Simp\u00f3sio Internacional de Lutero, com foco no aprofundamento da rela\u00e7\u00e3o entre a F\u00e9 Nicena e a tradi\u00e7\u00e3o Luterana. O dia foi marcado por palestras que refor\u00e7aram a continuidade da f\u00e9 crist\u00e3 ao longo da hist\u00f3ria, especialmente na heran\u00e7a teol\u00f3gica da Reforma.<\/p>\n<p>As atividades iniciaram com a palestra do Dr. Cl\u00f3vis Jair Prunzel, intitulada \u201cA F\u00e9 Nicena na Teologia Luterana Confessional\u201d, abordando como os fundamentos do Conc\u00edlio de Niceia permanecem centrais na teologia luterana ao longo dos s\u00e9culos. O palestrante destacou como essa f\u00e9 \u00e9 confessada ainda hoje nas liturgias, catecismos e documentos oficiais da Igreja.<\/p>\n<p>A programa\u00e7\u00e3o prosseguiu com a confer\u00eancia do Dr. Benjamin Mayes, sob o tema \u201cA F\u00e9 Nicena \u00a0Faith na Tradi\u00e7\u00e3o Luterana: Johann Gerhard\u201d. A palestra destacou como o te\u00f3logo luterano Johann Gerhard contribuiu para a recep\u00e7\u00e3o e defesa da F\u00e9 Nicena dentro do luteranismo ortodoxo, com \u00eanfase em sua fidelidade \u00e0 tradi\u00e7\u00e3o crist\u00e3 antiga.<\/p>\n<p>O simp\u00f3sio foi encerrado ao meio-dia com um momento de devo\u00e7\u00e3o, oficiada pelo Rev. Lucas Prando.<\/p>\n<p>&nbsp;<\/p>\n","protected":false},"excerpt":{"rendered":"<p>Na sexta-feira, 27, encerrou-se o Simp\u00f3sio Internacional de Lutero, com foco na rela\u00e7\u00e3o entre a F\u00e9 Nicena e a tradi\u00e7\u00e3o Luterana. O dia contou com palestras do Dr. Cl\u00f3vis Prunzel, sobre a centralidade da F\u00e9 Nicena na teologia luterana, e do Dr. Benjamin Mayes, sobre Johann Gerhard. A devo\u00e7\u00e3o de encerramento foi conduzida pelo Rev. Lucas Prando.<\/p>\n","protected":false},"author":1,"featured_media":2350,"comment_status":"open","ping_status":"open","sticky":false,"template":"","format":"standard","meta":{"_acf_changed":false,"footnotes":""},"categories":[1],"tags":[],"class_list":["post-2349","post","type-post","status-publish","format-standard","has-post-thumbnail","hentry","category-uncategorized"],"acf":[],"yoast_head":"<!-- This site is optimized with the Yoast SEO plugin v25.3.1 - https:\/\/yoast.com\/wordpress\/plugins\/seo\/ -->\n<title>Segundo dia do Simp\u00f3sio de Lutero encerra reflex\u00f5es sobre a F\u00e9 Nicena - Faculdade Luterana Conc\u00f3rdia<\/title>\n<meta name=\"description\" content=\"Na sexta-feira, 27, o Simp\u00f3sio Internacional de Lutero chegou ao fim com foco na rela\u00e7\u00e3o entre a F\u00e9 Nicena e a tradi\u00e7\u00e3o Luterana. Destaques foram as palestras do Dr. Cl\u00f3vis Prunzel, sobre a centralidade da F\u00e9 Nicena na teologia luterana, e do Dr. Benjamin Mayes, que tratou da contribui\u00e7\u00e3o de Johann Gerhard \u00e0 tradi\u00e7\u00e3o nicena. O evento foi encerrado com devo\u00e7\u00e3o conduzida pelo Rev. Lucas Prando.\" \/>\n<meta name=\"robots\" content=\"index, follow, max-snippet:-1, max-image-preview:large, max-video-preview:-1\" \/>\n<link rel=\"canonical\" href=\"https:\/\/faculdadeluteranaconcordia.com.br\/site\/2025\/06\/30\/segundo-dia-do-simposio-de-lutero-encerra-reflexoes-sobre-a-fe-nicena\/\" \/>\n<meta property=\"og:locale\" content=\"pt_PT\" \/>\n<meta property=\"og:type\" content=\"article\" \/>\n<meta property=\"og:title\" content=\"Segundo dia do Simp\u00f3sio de Lutero encerra reflex\u00f5es sobre a F\u00e9 Nicena - Faculdade Luterana Conc\u00f3rdia\" \/>\n<meta property=\"og:description\" content=\"No dia 26, o Simp\u00f3sio de Hist\u00f3ria da Igreja seguiu com reflex\u00f5es sobre Niceia, incluindo palestra da Dra. Frenkel e o lan\u00e7amento da revista Hist\u00f3ria Sacra. No mesmo dia, iniciou-se o Simp\u00f3sio de Lutero, com exposi\u00e7\u00f5es sobre a f\u00e9 nicena na Igreja e nos escritos do reformador.\" \/>\n<meta property=\"og:url\" content=\"https:\/\/faculdadeluteranaconcordia.com.br\/site\/2025\/06\/30\/segundo-dia-do-simposio-de-lutero-encerra-reflexoes-sobre-a-fe-nicena\/\" \/>\n<meta property=\"og:site_name\" content=\"Faculdade Luterana Conc\u00f3rdia\" \/>\n<meta property=\"article:published_time\" content=\"2025-06-30T20:25:38+00:00\" \/>\n<meta property=\"article:modified_time\" content=\"2025-06-30T21:14:26+00:00\" \/>\n<meta property=\"og:image\" content=\"https:\/\/faculdadeluteranaconcordia.com.br\/site\/wp-content\/uploads\/2025\/06\/prof-prunzel.webp\" \/>\n\t<meta property=\"og:image:width\" content=\"1280\" \/>\n\t<meta property=\"og:image:height\" content=\"854\" \/>\n\t<meta property=\"og:image:type\" content=\"image\/webp\" \/>\n<meta name=\"author\" content=\"Lutero\" \/>\n<meta name=\"twitter:card\" content=\"summary_large_image\" \/>\n<meta name=\"twitter:image\" content=\"https:\/\/faculdadeluteranaconcordia.com.br\/site\/wp-content\/uploads\/2025\/06\/SimposioI.webp\" \/>\n<meta name=\"twitter:label1\" content=\"Escrito por\" \/>\n\t<meta name=\"twitter:data1\" content=\"Lutero\" \/>\n\t<meta name=\"twitter:label2\" content=\"Tempo estimado de leitura\" \/>\n\t<meta name=\"twitter:data2\" content=\"2 minutos\" \/>\n<script type=\"application\/ld+json\" class=\"yoast-schema-graph\">{\"@context\":\"https:\/\/schema.org\",\"@graph\":[{\"@type\":\"Article\",\"@id\":\"https:\/\/faculdadeluteranaconcordia.com.br\/site\/2025\/06\/30\/segundo-dia-do-simposio-de-lutero-encerra-reflexoes-sobre-a-fe-nicena\/#article\",\"isPartOf\":{\"@id\":\"https:\/\/faculdadeluteranaconcordia.com.br\/site\/2025\/06\/30\/segundo-dia-do-simposio-de-lutero-encerra-reflexoes-sobre-a-fe-nicena\/\"},\"author\":{\"name\":\"Lutero\",\"@id\":\"https:\/\/faculdadeluteranaconcordia.com.br\/site\/#\/schema\/person\/446eb8360fd0672de59d10fcf4e86b8b\"},\"headline\":\"Segundo dia do Simp\u00f3sio de Lutero encerra reflex\u00f5es sobre a F\u00e9 Nicena\",\"datePublished\":\"2025-06-30T20:25:38+00:00\",\"dateModified\":\"2025-06-30T21:14:26+00:00\",\"mainEntityOfPage\":{\"@id\":\"https:\/\/faculdadeluteranaconcordia.com.br\/site\/2025\/06\/30\/segundo-dia-do-simposio-de-lutero-encerra-reflexoes-sobre-a-fe-nicena\/\"},\"wordCount\":205,\"commentCount\":0,\"publisher\":{\"@id\":\"https:\/\/faculdadeluteranaconcordia.com.br\/site\/#organization\"},\"image\":{\"@id\":\"https:\/\/faculdadeluteranaconcordia.com.br\/site\/2025\/06\/30\/segundo-dia-do-simposio-de-lutero-encerra-reflexoes-sobre-a-fe-nicena\/#primaryimage\"},\"thumbnailUrl\":\"https:\/\/faculdadeluteranaconcordia.com.br\/site\/wp-content\/uploads\/2025\/06\/prof-prunzel.webp\",\"articleSection\":[\"Not\u00edcia\"],\"inLanguage\":\"pt-PT\",\"potentialAction\":[{\"@type\":\"CommentAction\",\"name\":\"Comment\",\"target\":[\"https:\/\/faculdadeluteranaconcordia.com.br\/site\/2025\/06\/30\/segundo-dia-do-simposio-de-lutero-encerra-reflexoes-sobre-a-fe-nicena\/#respond\"]}]},{\"@type\":\"WebPage\",\"@id\":\"https:\/\/faculdadeluteranaconcordia.com.br\/site\/2025\/06\/30\/segundo-dia-do-simposio-de-lutero-encerra-reflexoes-sobre-a-fe-nicena\/\",\"url\":\"https:\/\/faculdadeluteranaconcordia.com.br\/site\/2025\/06\/30\/segundo-dia-do-simposio-de-lutero-encerra-reflexoes-sobre-a-fe-nicena\/\",\"name\":\"Segundo dia do Simp\u00f3sio de Lutero encerra reflex\u00f5es sobre a F\u00e9 Nicena - Faculdade Luterana Conc\u00f3rdia\",\"isPartOf\":{\"@id\":\"https:\/\/faculdadeluteranaconcordia.com.br\/site\/#website\"},\"primaryImageOfPage\":{\"@id\":\"https:\/\/faculdadeluteranaconcordia.com.br\/site\/2025\/06\/30\/segundo-dia-do-simposio-de-lutero-encerra-reflexoes-sobre-a-fe-nicena\/#primaryimage\"},\"image\":{\"@id\":\"https:\/\/faculdadeluteranaconcordia.com.br\/site\/2025\/06\/30\/segundo-dia-do-simposio-de-lutero-encerra-reflexoes-sobre-a-fe-nicena\/#primaryimage\"},\"thumbnailUrl\":\"https:\/\/faculdadeluteranaconcordia.com.br\/site\/wp-content\/uploads\/2025\/06\/prof-prunzel.webp\",\"datePublished\":\"2025-06-30T20:25:38+00:00\",\"dateModified\":\"2025-06-30T21:14:26+00:00\",\"description\":\"Na sexta-feira, 27, o Simp\u00f3sio Internacional de Lutero chegou ao fim com foco na rela\u00e7\u00e3o entre a F\u00e9 Nicena e a tradi\u00e7\u00e3o Luterana. Destaques foram as palestras do Dr. Cl\u00f3vis Prunzel, sobre a centralidade da F\u00e9 Nicena na teologia luterana, e do Dr. Benjamin Mayes, que tratou da contribui\u00e7\u00e3o de Johann Gerhard \u00e0 tradi\u00e7\u00e3o nicena. O evento foi encerrado com devo\u00e7\u00e3o conduzida pelo Rev. Lucas Prando.\",\"breadcrumb\":{\"@id\":\"https:\/\/faculdadeluteranaconcordia.com.br\/site\/2025\/06\/30\/segundo-dia-do-simposio-de-lutero-encerra-reflexoes-sobre-a-fe-nicena\/#breadcrumb\"},\"inLanguage\":\"pt-PT\",\"potentialAction\":[{\"@type\":\"ReadAction\",\"target\":[\"https:\/\/faculdadeluteranaconcordia.com.br\/site\/2025\/06\/30\/segundo-dia-do-simposio-de-lutero-encerra-reflexoes-sobre-a-fe-nicena\/\"]}]},{\"@type\":\"ImageObject\",\"inLanguage\":\"pt-PT\",\"@id\":\"https:\/\/faculdadeluteranaconcordia.com.br\/site\/2025\/06\/30\/segundo-dia-do-simposio-de-lutero-encerra-reflexoes-sobre-a-fe-nicena\/#primaryimage\",\"url\":\"https:\/\/faculdadeluteranaconcordia.com.br\/site\/wp-content\/uploads\/2025\/06\/prof-prunzel.webp\",\"contentUrl\":\"https:\/\/faculdadeluteranaconcordia.com.br\/site\/wp-content\/uploads\/2025\/06\/prof-prunzel.webp\",\"width\":1280,\"height\":854},{\"@type\":\"BreadcrumbList\",\"@id\":\"https:\/\/faculdadeluteranaconcordia.com.br\/site\/2025\/06\/30\/segundo-dia-do-simposio-de-lutero-encerra-reflexoes-sobre-a-fe-nicena\/#breadcrumb\",\"itemListElement\":[{\"@type\":\"ListItem\",\"position\":1,\"name\":\"In\u00edcio\",\"item\":\"https:\/\/faculdadeluteranaconcordia.com.br\/site\/\"},{\"@type\":\"ListItem\",\"position\":2,\"name\":\"Segundo dia do Simp\u00f3sio de Lutero encerra reflex\u00f5es sobre a F\u00e9 Nicena\"}]},{\"@type\":\"WebSite\",\"@id\":\"https:\/\/faculdadeluteranaconcordia.com.br\/site\/#website\",\"url\":\"https:\/\/faculdadeluteranaconcordia.com.br\/site\/\",\"name\":\"Faculdade Luterana Conc\u00f3rdia\",\"description\":\"Site Institucional da Faculdade Luterana\",\"publisher\":{\"@id\":\"https:\/\/faculdadeluteranaconcordia.com.br\/site\/#organization\"},\"potentialAction\":[{\"@type\":\"SearchAction\",\"target\":{\"@type\":\"EntryPoint\",\"urlTemplate\":\"https:\/\/faculdadeluteranaconcordia.com.br\/site\/?s={search_term_string}\"},\"query-input\":{\"@type\":\"PropertyValueSpecification\",\"valueRequired\":true,\"valueName\":\"search_term_string\"}}],\"inLanguage\":\"pt-PT\"},{\"@type\":\"Organization\",\"@id\":\"https:\/\/faculdadeluteranaconcordia.com.br\/site\/#organization\",\"name\":\"Faculdade Luterana Conc\u00f3rdia\",\"url\":\"https:\/\/faculdadeluteranaconcordia.com.br\/site\/\",\"logo\":{\"@type\":\"ImageObject\",\"inLanguage\":\"pt-PT\",\"@id\":\"https:\/\/faculdadeluteranaconcordia.com.br\/site\/#\/schema\/logo\/image\/\",\"url\":\"https:\/\/faculdadeluteranaconcordia.com.br\/site\/wp-content\/uploads\/2023\/04\/LOGO-NOVO-FACULDADE-1.webp\",\"contentUrl\":\"https:\/\/faculdadeluteranaconcordia.com.br\/site\/wp-content\/uploads\/2023\/04\/LOGO-NOVO-FACULDADE-1.webp\",\"width\":1200,\"height\":383,\"caption\":\"Faculdade Luterana Conc\u00f3rdia\"},\"image\":{\"@id\":\"https:\/\/faculdadeluteranaconcordia.com.br\/site\/#\/schema\/logo\/image\/\"}},{\"@type\":\"Person\",\"@id\":\"https:\/\/faculdadeluteranaconcordia.com.br\/site\/#\/schema\/person\/446eb8360fd0672de59d10fcf4e86b8b\",\"name\":\"Lutero\",\"image\":{\"@type\":\"ImageObject\",\"inLanguage\":\"pt-PT\",\"@id\":\"https:\/\/faculdadeluteranaconcordia.com.br\/site\/#\/schema\/person\/image\/\",\"url\":\"https:\/\/secure.gravatar.com\/avatar\/f9e9e74d472c59c248b987e4fc8ce3e120726df22bb88cf395458cb57b97359a?s=96&d=mm&r=g\",\"contentUrl\":\"https:\/\/secure.gravatar.com\/avatar\/f9e9e74d472c59c248b987e4fc8ce3e120726df22bb88cf395458cb57b97359a?s=96&d=mm&r=g\",\"caption\":\"Lutero\"},\"sameAs\":[\"https:\/\/faculdadeluteranaconcordia.com.br\/site\"],\"url\":\"https:\/\/faculdadeluteranaconcordia.com.br\/site\/author\/Lutero\/\"}]}<\/script>\n<!-- \/ Yoast SEO plugin. -->","yoast_head_json":{"title":"Segundo dia do Simp\u00f3sio de Lutero encerra reflex\u00f5es sobre a F\u00e9 Nicena - Faculdade Luterana Conc\u00f3rdia","description":"Na sexta-feira, 27, o Simp\u00f3sio Internacional de Lutero chegou ao fim com foco na rela\u00e7\u00e3o entre a F\u00e9 Nicena e a tradi\u00e7\u00e3o Luterana. Destaques foram as palestras do Dr. Cl\u00f3vis Prunzel, sobre a centralidade da F\u00e9 Nicena na teologia luterana, e do Dr. Benjamin Mayes, que tratou da contribui\u00e7\u00e3o de Johann Gerhard \u00e0 tradi\u00e7\u00e3o nicena. O evento foi encerrado com devo\u00e7\u00e3o conduzida pelo Rev. Lucas Prando.","robots":{"index":"index","follow":"follow","max-snippet":"max-snippet:-1","max-image-preview":"max-image-preview:large","max-video-preview":"max-video-preview:-1"},"canonical":"https:\/\/faculdadeluteranaconcordia.com.br\/site\/2025\/06\/30\/segundo-dia-do-simposio-de-lutero-encerra-reflexoes-sobre-a-fe-nicena\/","og_locale":"pt_PT","og_type":"article","og_title":"Segundo dia do Simp\u00f3sio de Lutero encerra reflex\u00f5es sobre a F\u00e9 Nicena - Faculdade Luterana Conc\u00f3rdia","og_description":"No dia 26, o Simp\u00f3sio de Hist\u00f3ria da Igreja seguiu com reflex\u00f5es sobre Niceia, incluindo palestra da Dra. Frenkel e o lan\u00e7amento da revista Hist\u00f3ria Sacra. No mesmo dia, iniciou-se o Simp\u00f3sio de Lutero, com exposi\u00e7\u00f5es sobre a f\u00e9 nicena na Igreja e nos escritos do reformador.","og_url":"https:\/\/faculdadeluteranaconcordia.com.br\/site\/2025\/06\/30\/segundo-dia-do-simposio-de-lutero-encerra-reflexoes-sobre-a-fe-nicena\/","og_site_name":"Faculdade Luterana Conc\u00f3rdia","article_published_time":"2025-06-30T20:25:38+00:00","article_modified_time":"2025-06-30T21:14:26+00:00","og_image":[{"width":1280,"height":854,"url":"https:\/\/faculdadeluteranaconcordia.com.br\/site\/wp-content\/uploads\/2025\/06\/prof-prunzel.webp","type":"image\/webp"}],"author":"Lutero","twitter_card":"summary_large_image","twitter_image":"https:\/\/faculdadeluteranaconcordia.com.br\/site\/wp-content\/uploads\/2025\/06\/SimposioI.webp","twitter_misc":{"Escrito por":"Lutero","Tempo estimado de leitura":"2 minutos"},"schema":{"@context":"https:\/\/schema.org","@graph":[{"@type":"Article","@id":"https:\/\/faculdadeluteranaconcordia.com.br\/site\/2025\/06\/30\/segundo-dia-do-simposio-de-lutero-encerra-reflexoes-sobre-a-fe-nicena\/#article","isPartOf":{"@id":"https:\/\/faculdadeluteranaconcordia.com.br\/site\/2025\/06\/30\/segundo-dia-do-simposio-de-lutero-encerra-reflexoes-sobre-a-fe-nicena\/"},"author":{"name":"Lutero","@id":"https:\/\/faculdadeluteranaconcordia.com.br\/site\/#\/schema\/person\/446eb8360fd0672de59d10fcf4e86b8b"},"headline":"Segundo dia do Simp\u00f3sio de Lutero encerra reflex\u00f5es sobre a F\u00e9 Nicena","datePublished":"2025-06-30T20:25:38+00:00","dateModified":"2025-06-30T21:14:26+00:00","mainEntityOfPage":{"@id":"https:\/\/faculdadeluteranaconcordia.com.br\/site\/2025\/06\/30\/segundo-dia-do-simposio-de-lutero-encerra-reflexoes-sobre-a-fe-nicena\/"},"wordCount":205,"commentCount":0,"publisher":{"@id":"https:\/\/faculdadeluteranaconcordia.com.br\/site\/#organization"},"image":{"@id":"https:\/\/faculdadeluteranaconcordia.com.br\/site\/2025\/06\/30\/segundo-dia-do-simposio-de-lutero-encerra-reflexoes-sobre-a-fe-nicena\/#primaryimage"},"thumbnailUrl":"https:\/\/faculdadeluteranaconcordia.com.br\/site\/wp-content\/uploads\/2025\/06\/prof-prunzel.webp","articleSection":["Not\u00edcia"],"inLanguage":"pt-PT","potentialAction":[{"@type":"CommentAction","name":"Comment","target":["https:\/\/faculdadeluteranaconcordia.com.br\/site\/2025\/06\/30\/segundo-dia-do-simposio-de-lutero-encerra-reflexoes-sobre-a-fe-nicena\/#respond"]}]},{"@type":"WebPage","@id":"https:\/\/faculdadeluteranaconcordia.com.br\/site\/2025\/06\/30\/segundo-dia-do-simposio-de-lutero-encerra-reflexoes-sobre-a-fe-nicena\/","url":"https:\/\/faculdadeluteranaconcordia.com.br\/site\/2025\/06\/30\/segundo-dia-do-simposio-de-lutero-encerra-reflexoes-sobre-a-fe-nicena\/","name":"Segundo dia do Simp\u00f3sio de Lutero encerra reflex\u00f5es sobre a F\u00e9 Nicena - Faculdade Luterana Conc\u00f3rdia","isPartOf":{"@id":"https:\/\/faculdadeluteranaconcordia.com.br\/site\/#website"},"primaryImageOfPage":{"@id":"https:\/\/faculdadeluteranaconcordia.com.br\/site\/2025\/06\/30\/segundo-dia-do-simposio-de-lutero-encerra-reflexoes-sobre-a-fe-nicena\/#primaryimage"},"image":{"@id":"https:\/\/faculdadeluteranaconcordia.com.br\/site\/2025\/06\/30\/segundo-dia-do-simposio-de-lutero-encerra-reflexoes-sobre-a-fe-nicena\/#primaryimage"},"thumbnailUrl":"https:\/\/faculdadeluteranaconcordia.com.br\/site\/wp-content\/uploads\/2025\/06\/prof-prunzel.webp","datePublished":"2025-06-30T20:25:38+00:00","dateModified":"2025-06-30T21:14:26+00:00","description":"Na sexta-feira, 27, o Simp\u00f3sio Internacional de Lutero chegou ao fim com foco na rela\u00e7\u00e3o entre a F\u00e9 Nicena e a tradi\u00e7\u00e3o Luterana. Destaques foram as palestras do Dr. Cl\u00f3vis Prunzel, sobre a centralidade da F\u00e9 Nicena na teologia luterana, e do Dr. Benjamin Mayes, que tratou da contribui\u00e7\u00e3o de Johann Gerhard \u00e0 tradi\u00e7\u00e3o nicena. O evento foi encerrado com devo\u00e7\u00e3o conduzida pelo Rev. Lucas Prando.","breadcrumb":{"@id":"https:\/\/faculdadeluteranaconcordia.com.br\/site\/2025\/06\/30\/segundo-dia-do-simposio-de-lutero-encerra-reflexoes-sobre-a-fe-nicena\/#breadcrumb"},"inLanguage":"pt-PT","potentialAction":[{"@type":"ReadAction","target":["https:\/\/faculdadeluteranaconcordia.com.br\/site\/2025\/06\/30\/segundo-dia-do-simposio-de-lutero-encerra-reflexoes-sobre-a-fe-nicena\/"]}]},{"@type":"ImageObject","inLanguage":"pt-PT","@id":"https:\/\/faculdadeluteranaconcordia.com.br\/site\/2025\/06\/30\/segundo-dia-do-simposio-de-lutero-encerra-reflexoes-sobre-a-fe-nicena\/#primaryimage","url":"https:\/\/faculdadeluteranaconcordia.com.br\/site\/wp-content\/uploads\/2025\/06\/prof-prunzel.webp","contentUrl":"https:\/\/faculdadeluteranaconcordia.com.br\/site\/wp-content\/uploads\/2025\/06\/prof-prunzel.webp","width":1280,"height":854},{"@type":"BreadcrumbList","@id":"https:\/\/faculdadeluteranaconcordia.com.br\/site\/2025\/06\/30\/segundo-dia-do-simposio-de-lutero-encerra-reflexoes-sobre-a-fe-nicena\/#breadcrumb","itemListElement":[{"@type":"ListItem","position":1,"name":"In\u00edcio","item":"https:\/\/faculdadeluteranaconcordia.com.br\/site\/"},{"@type":"ListItem","position":2,"name":"Segundo dia do Simp\u00f3sio de Lutero encerra reflex\u00f5es sobre a F\u00e9 Nicena"}]},{"@type":"WebSite","@id":"https:\/\/faculdadeluteranaconcordia.com.br\/site\/#website","url":"https:\/\/faculdadeluteranaconcordia.com.br\/site\/","name":"Faculdade Luterana Conc\u00f3rdia","description":"Site Institucional da Faculdade Luterana","publisher":{"@id":"https:\/\/faculdadeluteranaconcordia.com.br\/site\/#organization"},"potentialAction":[{"@type":"SearchAction","target":{"@type":"EntryPoint","urlTemplate":"https:\/\/faculdadeluteranaconcordia.com.br\/site\/?s={search_term_string}"},"query-input":{"@type":"PropertyValueSpecification","valueRequired":true,"valueName":"search_term_string"}}],"inLanguage":"pt-PT"},{"@type":"Organization","@id":"https:\/\/faculdadeluteranaconcordia.com.br\/site\/#organization","name":"Faculdade Luterana Conc\u00f3rdia","url":"https:\/\/faculdadeluteranaconcordia.com.br\/site\/","logo":{"@type":"ImageObject","inLanguage":"pt-PT","@id":"https:\/\/faculdadeluteranaconcordia.com.br\/site\/#\/schema\/logo\/image\/","url":"https:\/\/faculdadeluteranaconcordia.com.br\/site\/wp-content\/uploads\/2023\/04\/LOGO-NOVO-FACULDADE-1.webp","contentUrl":"https:\/\/faculdadeluteranaconcordia.com.br\/site\/wp-content\/uploads\/2023\/04\/LOGO-NOVO-FACULDADE-1.webp","width":1200,"height":383,"caption":"Faculdade Luterana Conc\u00f3rdia"},"image":{"@id":"https:\/\/faculdadeluteranaconcordia.com.br\/site\/#\/schema\/logo\/image\/"}},{"@type":"Person","@id":"https:\/\/faculdadeluteranaconcordia.com.br\/site\/#\/schema\/person\/446eb8360fd0672de59d10fcf4e86b8b","name":"Lutero","image":{"@type":"ImageObject","inLanguage":"pt-PT","@id":"https:\/\/faculdadeluteranaconcordia.com.br\/site\/#\/schema\/person\/image\/","url":"https:\/\/secure.gravatar.com\/avatar\/f9e9e74d472c59c248b987e4fc8ce3e120726df22bb88cf395458cb57b97359a?s=96&d=mm&r=g","contentUrl":"https:\/\/secure.gravatar.com\/avatar\/f9e9e74d472c59c248b987e4fc8ce3e120726df22bb88cf395458cb57b97359a?s=96&d=mm&r=g","caption":"Lutero"},"sameAs":["https:\/\/faculdadeluteranaconcordia.com.br\/site"],"url":"https:\/\/faculdadeluteranaconcordia.com.br\/site\/author\/Lutero\/"}]}},"_links":{"self":[{"href":"https:\/\/faculdadeluteranaconcordia.com.br\/site\/wp-json\/wp\/v2\/posts\/2349","targetHints":{"allow":["GET"]}}],"collection":[{"href":"https:\/\/faculdadeluteranaconcordia.com.br\/site\/wp-json\/wp\/v2\/posts"}],"about":[{"href":"https:\/\/faculdadeluteranaconcordia.com.br\/site\/wp-json\/wp\/v2\/types\/post"}],"author":[{"embeddable":true,"href":"https:\/\/faculdadeluteranaconcordia.com.br\/site\/wp-json\/wp\/v2\/users\/1"}],"replies":[{"embeddable":true,"href":"https:\/\/faculdadeluteranaconcordia.com.br\/site\/wp-json\/wp\/v2\/comments?post=2349"}],"version-history":[{"count":3,"href":"https:\/\/faculdadeluteranaconcordia.com.br\/site\/wp-json\/wp\/v2\/posts\/2349\/revisions"}],"predecessor-version":[{"id":2353,"href":"https:\/\/faculdadeluteranaconcordia.com.br\/site\/wp-json\/wp\/v2\/posts\/2349\/revisions\/2353"}],"wp:featuredmedia":[{"embeddable":true,"href":"https:\/\/faculdadeluteranaconcordia.com.br\/site\/wp-json\/wp\/v2\/media\/2350"}],"wp:attachment":[{"href":"https:\/\/faculdadeluteranaconcordia.com.br\/site\/wp-json\/wp\/v2\/media?parent=2349"}],"wp:term":[{"taxonomy":"category","embeddable":true,"href":"https:\/\/faculdadeluteranaconcordia.com.br\/site\/wp-json\/wp\/v2\/categories?post=2349"},{"taxonomy":"post_tag","embeddable":true,"href":"https:\/\/faculdadeluteranaconcordia.com.br\/site\/wp-json\/wp\/v2\/tags?post=2349"}],"curies":[{"name":"wp","href":"https:\/\/api.w.org\/{rel}","templated":true}]}}