{"id":2369,"date":"2025-07-10T18:13:50","date_gmt":"2025-07-10T18:13:50","guid":{"rendered":"https:\/\/faculdadeluteranaconcordia.com.br\/site\/?p=2369"},"modified":"2025-07-10T18:25:24","modified_gmt":"2025-07-10T18:25:24","slug":"depois-de-tres-anos-ministrando-aulas-e-trabalhando-em-pesquisa-biblica-nos-estados-unidos-esta-de-volta-ao-seminario-concordia-e-a-faculdade-luterana-concordia-o-professor-vilson-scholz","status":"publish","type":"post","link":"https:\/\/faculdadeluteranaconcordia.com.br\/site\/2025\/07\/10\/depois-de-tres-anos-ministrando-aulas-e-trabalhando-em-pesquisa-biblica-nos-estados-unidos-esta-de-volta-ao-seminario-concordia-e-a-faculdade-luterana-concordia-o-professor-vilson-scholz\/","title":{"rendered":"De volta para casa"},"content":{"rendered":"<p>Depois de tr\u00eas anos ministrando aulas e trabalhando em pesquisa b\u00edblica nos Estados Unidos, est\u00e1 de volta ao Semin\u00e1rio Conc\u00f3rdia e \u00e0 Faculdade Luterana Conc\u00f3rdia, o professor Vilson Scholz.<br \/>\nDesde agosto de 2022, o professor Vilson foi cedido pela Igreja Evang\u00e9lica Luterana do Brasil (IELB), para exercer seu minist\u00e9rio como professor visitante no Concordia Seminary, em Saint Louis, Estados Unidos.<br \/>\nAl\u00e9m de ministrar aulas de Grego e de Exegese b\u00edblica do Novo Testamento, o professor Scholz tamb\u00e9m p\u00f4de trabalhar na pesquisa e escrita do coment\u00e1rio b\u00edblico de 2 Cor\u00edntios. Essa obra faz parte da s\u00e9rie Concordia Commentary, da Concordia Publishing House, dos Estados Unidos.<br \/>\nNo Semin\u00e1rio Conc\u00f3rdia e Faculdade Luterana Conc\u00f3rdia, o professor Vilson ministrar\u00e1 aulas nas \u00e1reas da Homil\u00e9tica e da Exegese, Antigo e Novo Testamento.<br \/>\nBem-vindos de volta \u00e0 casa, professor Vilson e esposa, dona Iris!<\/p>\n","protected":false},"excerpt":{"rendered":"<p>Depois de tr\u00eas anos ministrando aulas e trabalhando em pesquisa b\u00edblica nos Estados Unidos, est\u00e1 de volta ao Semin\u00e1rio Conc\u00f3rdia e \u00e0 Faculdade Luterana Conc\u00f3rdia, o professor Vilson Scholz.<\/p>\n","protected":false},"author":1,"featured_media":2370,"comment_status":"open","ping_status":"open","sticky":false,"template":"","format":"standard","meta":{"_acf_changed":false,"footnotes":""},"categories":[1],"tags":[],"class_list":["post-2369","post","type-post","status-publish","format-standard","has-post-thumbnail","hentry","category-uncategorized"],"acf":[],"yoast_head":"<!-- This site is optimized with the Yoast SEO plugin v25.3.1 - https:\/\/yoast.com\/wordpress\/plugins\/seo\/ -->\n<title>De volta para casa - Faculdade Luterana Conc\u00f3rdia<\/title>\n<meta name=\"description\" content=\"Depois de tr\u00eas anos ministrando aulas e trabalhando em pesquisa b\u00edblica nos Estados Unidos, est\u00e1 de volta ao Semin\u00e1rio Conc\u00f3rdia e \u00e0 Faculdade Luterana Conc\u00f3rdia, o professor Vilson Scholz.\" \/>\n<meta name=\"robots\" content=\"index, follow, max-snippet:-1, max-image-preview:large, max-video-preview:-1\" \/>\n<link rel=\"canonical\" href=\"https:\/\/faculdadeluteranaconcordia.com.br\/site\/2025\/07\/10\/depois-de-tres-anos-ministrando-aulas-e-trabalhando-em-pesquisa-biblica-nos-estados-unidos-esta-de-volta-ao-seminario-concordia-e-a-faculdade-luterana-concordia-o-professor-vilson-scholz\/\" \/>\n<meta property=\"og:locale\" content=\"pt_PT\" \/>\n<meta property=\"og:type\" content=\"article\" \/>\n<meta property=\"og:title\" content=\"De volta para casa - Faculdade Luterana Conc\u00f3rdia\" \/>\n<meta property=\"og:description\" content=\"No dia 26, o Simp\u00f3sio de Hist\u00f3ria da Igreja seguiu com reflex\u00f5es sobre Niceia, incluindo palestra da Dra. Frenkel e o lan\u00e7amento da revista Hist\u00f3ria Sacra. No mesmo dia, iniciou-se o Simp\u00f3sio de Lutero, com exposi\u00e7\u00f5es sobre a f\u00e9 nicena na Igreja e nos escritos do reformador.\" \/>\n<meta property=\"og:url\" content=\"https:\/\/faculdadeluteranaconcordia.com.br\/site\/2025\/07\/10\/depois-de-tres-anos-ministrando-aulas-e-trabalhando-em-pesquisa-biblica-nos-estados-unidos-esta-de-volta-ao-seminario-concordia-e-a-faculdade-luterana-concordia-o-professor-vilson-scholz\/\" \/>\n<meta property=\"og:site_name\" content=\"Faculdade Luterana Conc\u00f3rdia\" \/>\n<meta property=\"article:published_time\" content=\"2025-07-10T18:13:50+00:00\" \/>\n<meta property=\"article:modified_time\" content=\"2025-07-10T18:25:24+00:00\" \/>\n<meta property=\"og:image\" content=\"https:\/\/faculdadeluteranaconcordia.com.br\/site\/wp-content\/uploads\/2025\/06\/prof-prunzel.webp\" \/>\n\t<meta property=\"og:image:width\" content=\"1280\" \/>\n\t<meta property=\"og:image:height\" content=\"854\" \/>\n\t<meta property=\"og:image:type\" content=\"image\/webp\" \/>\n<meta name=\"author\" content=\"Lutero\" \/>\n<meta name=\"twitter:card\" content=\"summary_large_image\" \/>\n<meta name=\"twitter:image\" content=\"https:\/\/faculdadeluteranaconcordia.com.br\/site\/wp-content\/uploads\/2025\/06\/SimposioI.webp\" \/>\n<meta name=\"twitter:label1\" content=\"Escrito por\" \/>\n\t<meta name=\"twitter:data1\" content=\"Lutero\" \/>\n\t<meta name=\"twitter:label2\" content=\"Tempo estimado de leitura\" \/>\n\t<meta name=\"twitter:data2\" content=\"1 minuto\" \/>\n<script type=\"application\/ld+json\" class=\"yoast-schema-graph\">{\"@context\":\"https:\/\/schema.org\",\"@graph\":[{\"@type\":\"Article\",\"@id\":\"https:\/\/faculdadeluteranaconcordia.com.br\/site\/2025\/07\/10\/depois-de-tres-anos-ministrando-aulas-e-trabalhando-em-pesquisa-biblica-nos-estados-unidos-esta-de-volta-ao-seminario-concordia-e-a-faculdade-luterana-concordia-o-professor-vilson-scholz\/#article\",\"isPartOf\":{\"@id\":\"https:\/\/faculdadeluteranaconcordia.com.br\/site\/2025\/07\/10\/depois-de-tres-anos-ministrando-aulas-e-trabalhando-em-pesquisa-biblica-nos-estados-unidos-esta-de-volta-ao-seminario-concordia-e-a-faculdade-luterana-concordia-o-professor-vilson-scholz\/\"},\"author\":{\"name\":\"Lutero\",\"@id\":\"https:\/\/faculdadeluteranaconcordia.com.br\/site\/#\/schema\/person\/446eb8360fd0672de59d10fcf4e86b8b\"},\"headline\":\"De volta para casa\",\"datePublished\":\"2025-07-10T18:13:50+00:00\",\"dateModified\":\"2025-07-10T18:25:24+00:00\",\"mainEntityOfPage\":{\"@id\":\"https:\/\/faculdadeluteranaconcordia.com.br\/site\/2025\/07\/10\/depois-de-tres-anos-ministrando-aulas-e-trabalhando-em-pesquisa-biblica-nos-estados-unidos-esta-de-volta-ao-seminario-concordia-e-a-faculdade-luterana-concordia-o-professor-vilson-scholz\/\"},\"wordCount\":157,\"commentCount\":0,\"publisher\":{\"@id\":\"https:\/\/faculdadeluteranaconcordia.com.br\/site\/#organization\"},\"image\":{\"@id\":\"https:\/\/faculdadeluteranaconcordia.com.br\/site\/2025\/07\/10\/depois-de-tres-anos-ministrando-aulas-e-trabalhando-em-pesquisa-biblica-nos-estados-unidos-esta-de-volta-ao-seminario-concordia-e-a-faculdade-luterana-concordia-o-professor-vilson-scholz\/#primaryimage\"},\"thumbnailUrl\":\"https:\/\/faculdadeluteranaconcordia.com.br\/site\/wp-content\/uploads\/2025\/07\/scholz-pro-site.webp\",\"articleSection\":[\"Not\u00edcia\"],\"inLanguage\":\"pt-PT\",\"potentialAction\":[{\"@type\":\"CommentAction\",\"name\":\"Comment\",\"target\":[\"https:\/\/faculdadeluteranaconcordia.com.br\/site\/2025\/07\/10\/depois-de-tres-anos-ministrando-aulas-e-trabalhando-em-pesquisa-biblica-nos-estados-unidos-esta-de-volta-ao-seminario-concordia-e-a-faculdade-luterana-concordia-o-professor-vilson-scholz\/#respond\"]}]},{\"@type\":\"WebPage\",\"@id\":\"https:\/\/faculdadeluteranaconcordia.com.br\/site\/2025\/07\/10\/depois-de-tres-anos-ministrando-aulas-e-trabalhando-em-pesquisa-biblica-nos-estados-unidos-esta-de-volta-ao-seminario-concordia-e-a-faculdade-luterana-concordia-o-professor-vilson-scholz\/\",\"url\":\"https:\/\/faculdadeluteranaconcordia.com.br\/site\/2025\/07\/10\/depois-de-tres-anos-ministrando-aulas-e-trabalhando-em-pesquisa-biblica-nos-estados-unidos-esta-de-volta-ao-seminario-concordia-e-a-faculdade-luterana-concordia-o-professor-vilson-scholz\/\",\"name\":\"De volta para casa - Faculdade Luterana Conc\u00f3rdia\",\"isPartOf\":{\"@id\":\"https:\/\/faculdadeluteranaconcordia.com.br\/site\/#website\"},\"primaryImageOfPage\":{\"@id\":\"https:\/\/faculdadeluteranaconcordia.com.br\/site\/2025\/07\/10\/depois-de-tres-anos-ministrando-aulas-e-trabalhando-em-pesquisa-biblica-nos-estados-unidos-esta-de-volta-ao-seminario-concordia-e-a-faculdade-luterana-concordia-o-professor-vilson-scholz\/#primaryimage\"},\"image\":{\"@id\":\"https:\/\/faculdadeluteranaconcordia.com.br\/site\/2025\/07\/10\/depois-de-tres-anos-ministrando-aulas-e-trabalhando-em-pesquisa-biblica-nos-estados-unidos-esta-de-volta-ao-seminario-concordia-e-a-faculdade-luterana-concordia-o-professor-vilson-scholz\/#primaryimage\"},\"thumbnailUrl\":\"https:\/\/faculdadeluteranaconcordia.com.br\/site\/wp-content\/uploads\/2025\/07\/scholz-pro-site.webp\",\"datePublished\":\"2025-07-10T18:13:50+00:00\",\"dateModified\":\"2025-07-10T18:25:24+00:00\",\"description\":\"Depois de tr\u00eas anos ministrando aulas e trabalhando em pesquisa b\u00edblica nos Estados Unidos, est\u00e1 de volta ao Semin\u00e1rio Conc\u00f3rdia e \u00e0 Faculdade Luterana Conc\u00f3rdia, o professor Vilson Scholz.\",\"breadcrumb\":{\"@id\":\"https:\/\/faculdadeluteranaconcordia.com.br\/site\/2025\/07\/10\/depois-de-tres-anos-ministrando-aulas-e-trabalhando-em-pesquisa-biblica-nos-estados-unidos-esta-de-volta-ao-seminario-concordia-e-a-faculdade-luterana-concordia-o-professor-vilson-scholz\/#breadcrumb\"},\"inLanguage\":\"pt-PT\",\"potentialAction\":[{\"@type\":\"ReadAction\",\"target\":[\"https:\/\/faculdadeluteranaconcordia.com.br\/site\/2025\/07\/10\/depois-de-tres-anos-ministrando-aulas-e-trabalhando-em-pesquisa-biblica-nos-estados-unidos-esta-de-volta-ao-seminario-concordia-e-a-faculdade-luterana-concordia-o-professor-vilson-scholz\/\"]}]},{\"@type\":\"ImageObject\",\"inLanguage\":\"pt-PT\",\"@id\":\"https:\/\/faculdadeluteranaconcordia.com.br\/site\/2025\/07\/10\/depois-de-tres-anos-ministrando-aulas-e-trabalhando-em-pesquisa-biblica-nos-estados-unidos-esta-de-volta-ao-seminario-concordia-e-a-faculdade-luterana-concordia-o-professor-vilson-scholz\/#primaryimage\",\"url\":\"https:\/\/faculdadeluteranaconcordia.com.br\/site\/wp-content\/uploads\/2025\/07\/scholz-pro-site.webp\",\"contentUrl\":\"https:\/\/faculdadeluteranaconcordia.com.br\/site\/wp-content\/uploads\/2025\/07\/scholz-pro-site.webp\",\"width\":1240,\"height\":854},{\"@type\":\"BreadcrumbList\",\"@id\":\"https:\/\/faculdadeluteranaconcordia.com.br\/site\/2025\/07\/10\/depois-de-tres-anos-ministrando-aulas-e-trabalhando-em-pesquisa-biblica-nos-estados-unidos-esta-de-volta-ao-seminario-concordia-e-a-faculdade-luterana-concordia-o-professor-vilson-scholz\/#breadcrumb\",\"itemListElement\":[{\"@type\":\"ListItem\",\"position\":1,\"name\":\"In\u00edcio\",\"item\":\"https:\/\/faculdadeluteranaconcordia.com.br\/site\/\"},{\"@type\":\"ListItem\",\"position\":2,\"name\":\"De volta para casa\"}]},{\"@type\":\"WebSite\",\"@id\":\"https:\/\/faculdadeluteranaconcordia.com.br\/site\/#website\",\"url\":\"https:\/\/faculdadeluteranaconcordia.com.br\/site\/\",\"name\":\"Faculdade Luterana Conc\u00f3rdia\",\"description\":\"Site Institucional da Faculdade Luterana\",\"publisher\":{\"@id\":\"https:\/\/faculdadeluteranaconcordia.com.br\/site\/#organization\"},\"potentialAction\":[{\"@type\":\"SearchAction\",\"target\":{\"@type\":\"EntryPoint\",\"urlTemplate\":\"https:\/\/faculdadeluteranaconcordia.com.br\/site\/?s={search_term_string}\"},\"query-input\":{\"@type\":\"PropertyValueSpecification\",\"valueRequired\":true,\"valueName\":\"search_term_string\"}}],\"inLanguage\":\"pt-PT\"},{\"@type\":\"Organization\",\"@id\":\"https:\/\/faculdadeluteranaconcordia.com.br\/site\/#organization\",\"name\":\"Faculdade Luterana Conc\u00f3rdia\",\"url\":\"https:\/\/faculdadeluteranaconcordia.com.br\/site\/\",\"logo\":{\"@type\":\"ImageObject\",\"inLanguage\":\"pt-PT\",\"@id\":\"https:\/\/faculdadeluteranaconcordia.com.br\/site\/#\/schema\/logo\/image\/\",\"url\":\"https:\/\/faculdadeluteranaconcordia.com.br\/site\/wp-content\/uploads\/2023\/04\/LOGO-NOVO-FACULDADE-1.webp\",\"contentUrl\":\"https:\/\/faculdadeluteranaconcordia.com.br\/site\/wp-content\/uploads\/2023\/04\/LOGO-NOVO-FACULDADE-1.webp\",\"width\":1200,\"height\":383,\"caption\":\"Faculdade Luterana Conc\u00f3rdia\"},\"image\":{\"@id\":\"https:\/\/faculdadeluteranaconcordia.com.br\/site\/#\/schema\/logo\/image\/\"}},{\"@type\":\"Person\",\"@id\":\"https:\/\/faculdadeluteranaconcordia.com.br\/site\/#\/schema\/person\/446eb8360fd0672de59d10fcf4e86b8b\",\"name\":\"Lutero\",\"image\":{\"@type\":\"ImageObject\",\"inLanguage\":\"pt-PT\",\"@id\":\"https:\/\/faculdadeluteranaconcordia.com.br\/site\/#\/schema\/person\/image\/\",\"url\":\"https:\/\/secure.gravatar.com\/avatar\/f9e9e74d472c59c248b987e4fc8ce3e120726df22bb88cf395458cb57b97359a?s=96&d=mm&r=g\",\"contentUrl\":\"https:\/\/secure.gravatar.com\/avatar\/f9e9e74d472c59c248b987e4fc8ce3e120726df22bb88cf395458cb57b97359a?s=96&d=mm&r=g\",\"caption\":\"Lutero\"},\"sameAs\":[\"https:\/\/faculdadeluteranaconcordia.com.br\/site\"],\"url\":\"https:\/\/faculdadeluteranaconcordia.com.br\/site\/author\/Lutero\/\"}]}<\/script>\n<!-- \/ Yoast SEO plugin. -->","yoast_head_json":{"title":"De volta para casa - Faculdade Luterana Conc\u00f3rdia","description":"Depois de tr\u00eas anos ministrando aulas e trabalhando em pesquisa b\u00edblica nos Estados Unidos, est\u00e1 de volta ao Semin\u00e1rio Conc\u00f3rdia e \u00e0 Faculdade Luterana Conc\u00f3rdia, o professor Vilson Scholz.","robots":{"index":"index","follow":"follow","max-snippet":"max-snippet:-1","max-image-preview":"max-image-preview:large","max-video-preview":"max-video-preview:-1"},"canonical":"https:\/\/faculdadeluteranaconcordia.com.br\/site\/2025\/07\/10\/depois-de-tres-anos-ministrando-aulas-e-trabalhando-em-pesquisa-biblica-nos-estados-unidos-esta-de-volta-ao-seminario-concordia-e-a-faculdade-luterana-concordia-o-professor-vilson-scholz\/","og_locale":"pt_PT","og_type":"article","og_title":"De volta para casa - Faculdade Luterana Conc\u00f3rdia","og_description":"No dia 26, o Simp\u00f3sio de Hist\u00f3ria da Igreja seguiu com reflex\u00f5es sobre Niceia, incluindo palestra da Dra. Frenkel e o lan\u00e7amento da revista Hist\u00f3ria Sacra. No mesmo dia, iniciou-se o Simp\u00f3sio de Lutero, com exposi\u00e7\u00f5es sobre a f\u00e9 nicena na Igreja e nos escritos do reformador.","og_url":"https:\/\/faculdadeluteranaconcordia.com.br\/site\/2025\/07\/10\/depois-de-tres-anos-ministrando-aulas-e-trabalhando-em-pesquisa-biblica-nos-estados-unidos-esta-de-volta-ao-seminario-concordia-e-a-faculdade-luterana-concordia-o-professor-vilson-scholz\/","og_site_name":"Faculdade Luterana Conc\u00f3rdia","article_published_time":"2025-07-10T18:13:50+00:00","article_modified_time":"2025-07-10T18:25:24+00:00","og_image":[{"width":1280,"height":854,"url":"https:\/\/faculdadeluteranaconcordia.com.br\/site\/wp-content\/uploads\/2025\/06\/prof-prunzel.webp","type":"image\/webp"}],"author":"Lutero","twitter_card":"summary_large_image","twitter_image":"https:\/\/faculdadeluteranaconcordia.com.br\/site\/wp-content\/uploads\/2025\/06\/SimposioI.webp","twitter_misc":{"Escrito por":"Lutero","Tempo estimado de leitura":"1 minuto"},"schema":{"@context":"https:\/\/schema.org","@graph":[{"@type":"Article","@id":"https:\/\/faculdadeluteranaconcordia.com.br\/site\/2025\/07\/10\/depois-de-tres-anos-ministrando-aulas-e-trabalhando-em-pesquisa-biblica-nos-estados-unidos-esta-de-volta-ao-seminario-concordia-e-a-faculdade-luterana-concordia-o-professor-vilson-scholz\/#article","isPartOf":{"@id":"https:\/\/faculdadeluteranaconcordia.com.br\/site\/2025\/07\/10\/depois-de-tres-anos-ministrando-aulas-e-trabalhando-em-pesquisa-biblica-nos-estados-unidos-esta-de-volta-ao-seminario-concordia-e-a-faculdade-luterana-concordia-o-professor-vilson-scholz\/"},"author":{"name":"Lutero","@id":"https:\/\/faculdadeluteranaconcordia.com.br\/site\/#\/schema\/person\/446eb8360fd0672de59d10fcf4e86b8b"},"headline":"De volta para casa","datePublished":"2025-07-10T18:13:50+00:00","dateModified":"2025-07-10T18:25:24+00:00","mainEntityOfPage":{"@id":"https:\/\/faculdadeluteranaconcordia.com.br\/site\/2025\/07\/10\/depois-de-tres-anos-ministrando-aulas-e-trabalhando-em-pesquisa-biblica-nos-estados-unidos-esta-de-volta-ao-seminario-concordia-e-a-faculdade-luterana-concordia-o-professor-vilson-scholz\/"},"wordCount":157,"commentCount":0,"publisher":{"@id":"https:\/\/faculdadeluteranaconcordia.com.br\/site\/#organization"},"image":{"@id":"https:\/\/faculdadeluteranaconcordia.com.br\/site\/2025\/07\/10\/depois-de-tres-anos-ministrando-aulas-e-trabalhando-em-pesquisa-biblica-nos-estados-unidos-esta-de-volta-ao-seminario-concordia-e-a-faculdade-luterana-concordia-o-professor-vilson-scholz\/#primaryimage"},"thumbnailUrl":"https:\/\/faculdadeluteranaconcordia.com.br\/site\/wp-content\/uploads\/2025\/07\/scholz-pro-site.webp","articleSection":["Not\u00edcia"],"inLanguage":"pt-PT","potentialAction":[{"@type":"CommentAction","name":"Comment","target":["https:\/\/faculdadeluteranaconcordia.com.br\/site\/2025\/07\/10\/depois-de-tres-anos-ministrando-aulas-e-trabalhando-em-pesquisa-biblica-nos-estados-unidos-esta-de-volta-ao-seminario-concordia-e-a-faculdade-luterana-concordia-o-professor-vilson-scholz\/#respond"]}]},{"@type":"WebPage","@id":"https:\/\/faculdadeluteranaconcordia.com.br\/site\/2025\/07\/10\/depois-de-tres-anos-ministrando-aulas-e-trabalhando-em-pesquisa-biblica-nos-estados-unidos-esta-de-volta-ao-seminario-concordia-e-a-faculdade-luterana-concordia-o-professor-vilson-scholz\/","url":"https:\/\/faculdadeluteranaconcordia.com.br\/site\/2025\/07\/10\/depois-de-tres-anos-ministrando-aulas-e-trabalhando-em-pesquisa-biblica-nos-estados-unidos-esta-de-volta-ao-seminario-concordia-e-a-faculdade-luterana-concordia-o-professor-vilson-scholz\/","name":"De volta para casa - Faculdade Luterana Conc\u00f3rdia","isPartOf":{"@id":"https:\/\/faculdadeluteranaconcordia.com.br\/site\/#website"},"primaryImageOfPage":{"@id":"https:\/\/faculdadeluteranaconcordia.com.br\/site\/2025\/07\/10\/depois-de-tres-anos-ministrando-aulas-e-trabalhando-em-pesquisa-biblica-nos-estados-unidos-esta-de-volta-ao-seminario-concordia-e-a-faculdade-luterana-concordia-o-professor-vilson-scholz\/#primaryimage"},"image":{"@id":"https:\/\/faculdadeluteranaconcordia.com.br\/site\/2025\/07\/10\/depois-de-tres-anos-ministrando-aulas-e-trabalhando-em-pesquisa-biblica-nos-estados-unidos-esta-de-volta-ao-seminario-concordia-e-a-faculdade-luterana-concordia-o-professor-vilson-scholz\/#primaryimage"},"thumbnailUrl":"https:\/\/faculdadeluteranaconcordia.com.br\/site\/wp-content\/uploads\/2025\/07\/scholz-pro-site.webp","datePublished":"2025-07-10T18:13:50+00:00","dateModified":"2025-07-10T18:25:24+00:00","description":"Depois de tr\u00eas anos ministrando aulas e trabalhando em pesquisa b\u00edblica nos Estados Unidos, est\u00e1 de volta ao Semin\u00e1rio Conc\u00f3rdia e \u00e0 Faculdade Luterana Conc\u00f3rdia, o professor Vilson Scholz.","breadcrumb":{"@id":"https:\/\/faculdadeluteranaconcordia.com.br\/site\/2025\/07\/10\/depois-de-tres-anos-ministrando-aulas-e-trabalhando-em-pesquisa-biblica-nos-estados-unidos-esta-de-volta-ao-seminario-concordia-e-a-faculdade-luterana-concordia-o-professor-vilson-scholz\/#breadcrumb"},"inLanguage":"pt-PT","potentialAction":[{"@type":"ReadAction","target":["https:\/\/faculdadeluteranaconcordia.com.br\/site\/2025\/07\/10\/depois-de-tres-anos-ministrando-aulas-e-trabalhando-em-pesquisa-biblica-nos-estados-unidos-esta-de-volta-ao-seminario-concordia-e-a-faculdade-luterana-concordia-o-professor-vilson-scholz\/"]}]},{"@type":"ImageObject","inLanguage":"pt-PT","@id":"https:\/\/faculdadeluteranaconcordia.com.br\/site\/2025\/07\/10\/depois-de-tres-anos-ministrando-aulas-e-trabalhando-em-pesquisa-biblica-nos-estados-unidos-esta-de-volta-ao-seminario-concordia-e-a-faculdade-luterana-concordia-o-professor-vilson-scholz\/#primaryimage","url":"https:\/\/faculdadeluteranaconcordia.com.br\/site\/wp-content\/uploads\/2025\/07\/scholz-pro-site.webp","contentUrl":"https:\/\/faculdadeluteranaconcordia.com.br\/site\/wp-content\/uploads\/2025\/07\/scholz-pro-site.webp","width":1240,"height":854},{"@type":"BreadcrumbList","@id":"https:\/\/faculdadeluteranaconcordia.com.br\/site\/2025\/07\/10\/depois-de-tres-anos-ministrando-aulas-e-trabalhando-em-pesquisa-biblica-nos-estados-unidos-esta-de-volta-ao-seminario-concordia-e-a-faculdade-luterana-concordia-o-professor-vilson-scholz\/#breadcrumb","itemListElement":[{"@type":"ListItem","position":1,"name":"In\u00edcio","item":"https:\/\/faculdadeluteranaconcordia.com.br\/site\/"},{"@type":"ListItem","position":2,"name":"De volta para casa"}]},{"@type":"WebSite","@id":"https:\/\/faculdadeluteranaconcordia.com.br\/site\/#website","url":"https:\/\/faculdadeluteranaconcordia.com.br\/site\/","name":"Faculdade Luterana Conc\u00f3rdia","description":"Site Institucional da Faculdade Luterana","publisher":{"@id":"https:\/\/faculdadeluteranaconcordia.com.br\/site\/#organization"},"potentialAction":[{"@type":"SearchAction","target":{"@type":"EntryPoint","urlTemplate":"https:\/\/faculdadeluteranaconcordia.com.br\/site\/?s={search_term_string}"},"query-input":{"@type":"PropertyValueSpecification","valueRequired":true,"valueName":"search_term_string"}}],"inLanguage":"pt-PT"},{"@type":"Organization","@id":"https:\/\/faculdadeluteranaconcordia.com.br\/site\/#organization","name":"Faculdade Luterana Conc\u00f3rdia","url":"https:\/\/faculdadeluteranaconcordia.com.br\/site\/","logo":{"@type":"ImageObject","inLanguage":"pt-PT","@id":"https:\/\/faculdadeluteranaconcordia.com.br\/site\/#\/schema\/logo\/image\/","url":"https:\/\/faculdadeluteranaconcordia.com.br\/site\/wp-content\/uploads\/2023\/04\/LOGO-NOVO-FACULDADE-1.webp","contentUrl":"https:\/\/faculdadeluteranaconcordia.com.br\/site\/wp-content\/uploads\/2023\/04\/LOGO-NOVO-FACULDADE-1.webp","width":1200,"height":383,"caption":"Faculdade Luterana Conc\u00f3rdia"},"image":{"@id":"https:\/\/faculdadeluteranaconcordia.com.br\/site\/#\/schema\/logo\/image\/"}},{"@type":"Person","@id":"https:\/\/faculdadeluteranaconcordia.com.br\/site\/#\/schema\/person\/446eb8360fd0672de59d10fcf4e86b8b","name":"Lutero","image":{"@type":"ImageObject","inLanguage":"pt-PT","@id":"https:\/\/faculdadeluteranaconcordia.com.br\/site\/#\/schema\/person\/image\/","url":"https:\/\/secure.gravatar.com\/avatar\/f9e9e74d472c59c248b987e4fc8ce3e120726df22bb88cf395458cb57b97359a?s=96&d=mm&r=g","contentUrl":"https:\/\/secure.gravatar.com\/avatar\/f9e9e74d472c59c248b987e4fc8ce3e120726df22bb88cf395458cb57b97359a?s=96&d=mm&r=g","caption":"Lutero"},"sameAs":["https:\/\/faculdadeluteranaconcordia.com.br\/site"],"url":"https:\/\/faculdadeluteranaconcordia.com.br\/site\/author\/Lutero\/"}]}},"_links":{"self":[{"href":"https:\/\/faculdadeluteranaconcordia.com.br\/site\/wp-json\/wp\/v2\/posts\/2369","targetHints":{"allow":["GET"]}}],"collection":[{"href":"https:\/\/faculdadeluteranaconcordia.com.br\/site\/wp-json\/wp\/v2\/posts"}],"about":[{"href":"https:\/\/faculdadeluteranaconcordia.com.br\/site\/wp-json\/wp\/v2\/types\/post"}],"author":[{"embeddable":true,"href":"https:\/\/faculdadeluteranaconcordia.com.br\/site\/wp-json\/wp\/v2\/users\/1"}],"replies":[{"embeddable":true,"href":"https:\/\/faculdadeluteranaconcordia.com.br\/site\/wp-json\/wp\/v2\/comments?post=2369"}],"version-history":[{"count":1,"href":"https:\/\/faculdadeluteranaconcordia.com.br\/site\/wp-json\/wp\/v2\/posts\/2369\/revisions"}],"predecessor-version":[{"id":2371,"href":"https:\/\/faculdadeluteranaconcordia.com.br\/site\/wp-json\/wp\/v2\/posts\/2369\/revisions\/2371"}],"wp:featuredmedia":[{"embeddable":true,"href":"https:\/\/faculdadeluteranaconcordia.com.br\/site\/wp-json\/wp\/v2\/media\/2370"}],"wp:attachment":[{"href":"https:\/\/faculdadeluteranaconcordia.com.br\/site\/wp-json\/wp\/v2\/media?parent=2369"}],"wp:term":[{"taxonomy":"category","embeddable":true,"href":"https:\/\/faculdadeluteranaconcordia.com.br\/site\/wp-json\/wp\/v2\/categories?post=2369"},{"taxonomy":"post_tag","embeddable":true,"href":"https:\/\/faculdadeluteranaconcordia.com.br\/site\/wp-json\/wp\/v2\/tags?post=2369"}],"curies":[{"name":"wp","href":"https:\/\/api.w.org\/{rel}","templated":true}]}}