{"id":2394,"date":"2025-08-12T16:57:50","date_gmt":"2025-08-12T16:57:50","guid":{"rendered":"https:\/\/faculdadeluteranaconcordia.com.br\/site\/?p=2394"},"modified":"2025-08-12T16:57:50","modified_gmt":"2025-08-12T16:57:50","slug":"curso-de-teologia-da-faculdade-luterana-concordia-lanca-os-dois-primeiros-cursos-de-extensao","status":"publish","type":"post","link":"https:\/\/faculdadeluteranaconcordia.com.br\/site\/2025\/08\/12\/curso-de-teologia-da-faculdade-luterana-concordia-lanca-os-dois-primeiros-cursos-de-extensao\/","title":{"rendered":"Curso de Teologia da Faculdade Luterana Conc\u00f3rdia lan\u00e7a os dois primeiros cursos de Extens\u00e3o"},"content":{"rendered":"<p><strong>A B\u00edblia que lemos hoje e Curso B\u00e1sico de LIBRAS (L\u00edngua Brasileira de Sinais). <\/strong>Esses s\u00e3o os dois primeiros cursos de extens\u00e3o lan\u00e7ados pelo Curso de Teologia da Faculdade Luterana Conc\u00f3rdia. O primeiro, ser\u00e1 ministrado pelos professores Vilson Scholz, Anselmo Ernesto Graff e Gerson Luis Linden. J\u00e1 o Curso B\u00e1sico de LIBRAS ser\u00e1 ministrado por \u00cdcaro Dias, estudante do Curso de Teologia e especialista em l\u00edngua brasileira de sinais.<\/p>\n<p>Segundo o Projeto Pedag\u00f3gico de Curso (PPC), dentre os objetivos do Curso de Teologia da Faculdade Luterana est\u00e1 a intera\u00e7\u00e3o entre o trin\u00f4mio b\u00e1sico e constitucional universit\u00e1rio: Extens\u00e3o\/Pesquisa\/Ensino.<\/p>\n<p>Cursos de extens\u00e3o s\u00e3o atividades educacionais oferecidas por institui\u00e7\u00f5es de ensino, especialmente universidades, mas tamb\u00e9m por faculdades, com o objetivo de promover o interc\u00e2mbio entre a institui\u00e7\u00e3o e a sociedade. No caso de um curso de Teologia, entre a institui\u00e7\u00e3o e a igreja. Nesse sentido, o objetivo principal \u00e9 estender o conhecimento produzido no ambiente acad\u00eamico\/teol\u00f3gico para al\u00e9m de seus muros e alcan\u00e7ar a comunidade eclesial e em todas as faixas et\u00e1rias poss\u00edveis.<\/p>\n<p>E a primeira comunidade que ser\u00e1 alcan\u00e7ada \u00e9 a Igreja Assembleia de Deus, Miss\u00e3o Madureira, dirigida pelo pastor Jos\u00e9 Aparecido, que oferecer\u00e1 o Curso <strong>A B\u00edblia que lemos hoje<\/strong>.<\/p>\n<p>Essa comunidade est\u00e1 localizada no Bairro Campina, em S\u00e3o Leopoldo, RS, mas a expectativa \u00e9 de que haja tamb\u00e9m participa\u00e7\u00e3o de membros dessa igreja das cidades de Sapucaia, Novo Hamburgo, Sapiranga, Parob\u00e9, Rolante e Cachoeirinha.<\/p>\n<p>O Curso come\u00e7a na segunda, dia 11 de agosto e dever\u00e1 se estender at\u00e9 o dia 20 de outubro, sempre \u00e0s segundas-feiras \u00e0 noite.<\/p>\n<p>Voc\u00ea gostaria de viabilizar um desses cursos em sua comunidade? Caso haja interesse, fa\u00e7a contato com a coordena\u00e7\u00e3o do Curso de Teologia. agraff@faculdadeluteranaconcordia.com.br<\/p>\n","protected":false},"excerpt":{"rendered":"<p>Curso de Teologia da Faculdade Luterana Conc\u00f3rdia lan\u00e7a os dois primeiros cursos de Extens\u00e3o<\/p>\n","protected":false},"author":1,"featured_media":2395,"comment_status":"open","ping_status":"open","sticky":false,"template":"","format":"standard","meta":{"_acf_changed":false,"footnotes":""},"categories":[1],"tags":[],"class_list":["post-2394","post","type-post","status-publish","format-standard","has-post-thumbnail","hentry","category-uncategorized"],"acf":[],"yoast_head":"<!-- This site is optimized with the Yoast SEO plugin v25.3.1 - https:\/\/yoast.com\/wordpress\/plugins\/seo\/ -->\n<title>Curso de Teologia da Faculdade Luterana Conc\u00f3rdia lan\u00e7a os dois primeiros cursos de Extens\u00e3o - Faculdade Luterana Conc\u00f3rdia<\/title>\n<meta name=\"description\" content=\"Curso de Teologia da Faculdade Luterana Conc\u00f3rdia lan\u00e7a os dois primeiros cursos de Extens\u00e3o\" \/>\n<meta name=\"robots\" content=\"index, follow, max-snippet:-1, max-image-preview:large, max-video-preview:-1\" \/>\n<link rel=\"canonical\" href=\"https:\/\/faculdadeluteranaconcordia.com.br\/site\/2025\/08\/12\/curso-de-teologia-da-faculdade-luterana-concordia-lanca-os-dois-primeiros-cursos-de-extensao\/\" \/>\n<meta property=\"og:locale\" content=\"pt_PT\" \/>\n<meta property=\"og:type\" content=\"article\" \/>\n<meta property=\"og:title\" content=\"Curso de Teologia da Faculdade Luterana Conc\u00f3rdia lan\u00e7a os dois primeiros cursos de Extens\u00e3o - Faculdade Luterana Conc\u00f3rdia\" \/>\n<meta property=\"og:description\" content=\"No dia 26, o Simp\u00f3sio de Hist\u00f3ria da Igreja seguiu com reflex\u00f5es sobre Niceia, incluindo palestra da Dra. Frenkel e o lan\u00e7amento da revista Hist\u00f3ria Sacra. No mesmo dia, iniciou-se o Simp\u00f3sio de Lutero, com exposi\u00e7\u00f5es sobre a f\u00e9 nicena na Igreja e nos escritos do reformador.\" \/>\n<meta property=\"og:url\" content=\"https:\/\/faculdadeluteranaconcordia.com.br\/site\/2025\/08\/12\/curso-de-teologia-da-faculdade-luterana-concordia-lanca-os-dois-primeiros-cursos-de-extensao\/\" \/>\n<meta property=\"og:site_name\" content=\"Faculdade Luterana Conc\u00f3rdia\" \/>\n<meta property=\"article:published_time\" content=\"2025-08-12T16:57:50+00:00\" \/>\n<meta property=\"og:image\" content=\"https:\/\/faculdadeluteranaconcordia.com.br\/site\/wp-content\/uploads\/2025\/06\/prof-prunzel.webp\" \/>\n\t<meta property=\"og:image:width\" content=\"1280\" \/>\n\t<meta property=\"og:image:height\" content=\"854\" \/>\n\t<meta property=\"og:image:type\" content=\"image\/webp\" \/>\n<meta name=\"author\" content=\"Lutero\" \/>\n<meta name=\"twitter:card\" content=\"summary_large_image\" \/>\n<meta name=\"twitter:image\" content=\"https:\/\/faculdadeluteranaconcordia.com.br\/site\/wp-content\/uploads\/2025\/06\/SimposioI.webp\" \/>\n<meta name=\"twitter:label1\" content=\"Escrito por\" \/>\n\t<meta name=\"twitter:data1\" content=\"Lutero\" \/>\n\t<meta name=\"twitter:label2\" content=\"Tempo estimado de leitura\" \/>\n\t<meta name=\"twitter:data2\" content=\"2 minutos\" \/>\n<script type=\"application\/ld+json\" class=\"yoast-schema-graph\">{\"@context\":\"https:\/\/schema.org\",\"@graph\":[{\"@type\":\"Article\",\"@id\":\"https:\/\/faculdadeluteranaconcordia.com.br\/site\/2025\/08\/12\/curso-de-teologia-da-faculdade-luterana-concordia-lanca-os-dois-primeiros-cursos-de-extensao\/#article\",\"isPartOf\":{\"@id\":\"https:\/\/faculdadeluteranaconcordia.com.br\/site\/2025\/08\/12\/curso-de-teologia-da-faculdade-luterana-concordia-lanca-os-dois-primeiros-cursos-de-extensao\/\"},\"author\":{\"name\":\"Lutero\",\"@id\":\"https:\/\/faculdadeluteranaconcordia.com.br\/site\/#\/schema\/person\/446eb8360fd0672de59d10fcf4e86b8b\"},\"headline\":\"Curso de Teologia da Faculdade Luterana Conc\u00f3rdia lan\u00e7a os dois primeiros cursos de Extens\u00e3o\",\"datePublished\":\"2025-08-12T16:57:50+00:00\",\"mainEntityOfPage\":{\"@id\":\"https:\/\/faculdadeluteranaconcordia.com.br\/site\/2025\/08\/12\/curso-de-teologia-da-faculdade-luterana-concordia-lanca-os-dois-primeiros-cursos-de-extensao\/\"},\"wordCount\":335,\"commentCount\":0,\"publisher\":{\"@id\":\"https:\/\/faculdadeluteranaconcordia.com.br\/site\/#organization\"},\"image\":{\"@id\":\"https:\/\/faculdadeluteranaconcordia.com.br\/site\/2025\/08\/12\/curso-de-teologia-da-faculdade-luterana-concordia-lanca-os-dois-primeiros-cursos-de-extensao\/#primaryimage\"},\"thumbnailUrl\":\"https:\/\/faculdadeluteranaconcordia.com.br\/site\/wp-content\/uploads\/2025\/08\/pexels-kevin-malik-9017412-scaled.webp\",\"articleSection\":[\"Not\u00edcia\"],\"inLanguage\":\"pt-PT\",\"potentialAction\":[{\"@type\":\"CommentAction\",\"name\":\"Comment\",\"target\":[\"https:\/\/faculdadeluteranaconcordia.com.br\/site\/2025\/08\/12\/curso-de-teologia-da-faculdade-luterana-concordia-lanca-os-dois-primeiros-cursos-de-extensao\/#respond\"]}]},{\"@type\":\"WebPage\",\"@id\":\"https:\/\/faculdadeluteranaconcordia.com.br\/site\/2025\/08\/12\/curso-de-teologia-da-faculdade-luterana-concordia-lanca-os-dois-primeiros-cursos-de-extensao\/\",\"url\":\"https:\/\/faculdadeluteranaconcordia.com.br\/site\/2025\/08\/12\/curso-de-teologia-da-faculdade-luterana-concordia-lanca-os-dois-primeiros-cursos-de-extensao\/\",\"name\":\"Curso de Teologia da Faculdade Luterana Conc\u00f3rdia lan\u00e7a os dois primeiros cursos de Extens\u00e3o - Faculdade Luterana Conc\u00f3rdia\",\"isPartOf\":{\"@id\":\"https:\/\/faculdadeluteranaconcordia.com.br\/site\/#website\"},\"primaryImageOfPage\":{\"@id\":\"https:\/\/faculdadeluteranaconcordia.com.br\/site\/2025\/08\/12\/curso-de-teologia-da-faculdade-luterana-concordia-lanca-os-dois-primeiros-cursos-de-extensao\/#primaryimage\"},\"image\":{\"@id\":\"https:\/\/faculdadeluteranaconcordia.com.br\/site\/2025\/08\/12\/curso-de-teologia-da-faculdade-luterana-concordia-lanca-os-dois-primeiros-cursos-de-extensao\/#primaryimage\"},\"thumbnailUrl\":\"https:\/\/faculdadeluteranaconcordia.com.br\/site\/wp-content\/uploads\/2025\/08\/pexels-kevin-malik-9017412-scaled.webp\",\"datePublished\":\"2025-08-12T16:57:50+00:00\",\"description\":\"Curso de Teologia da Faculdade Luterana Conc\u00f3rdia lan\u00e7a os dois primeiros cursos de Extens\u00e3o\",\"breadcrumb\":{\"@id\":\"https:\/\/faculdadeluteranaconcordia.com.br\/site\/2025\/08\/12\/curso-de-teologia-da-faculdade-luterana-concordia-lanca-os-dois-primeiros-cursos-de-extensao\/#breadcrumb\"},\"inLanguage\":\"pt-PT\",\"potentialAction\":[{\"@type\":\"ReadAction\",\"target\":[\"https:\/\/faculdadeluteranaconcordia.com.br\/site\/2025\/08\/12\/curso-de-teologia-da-faculdade-luterana-concordia-lanca-os-dois-primeiros-cursos-de-extensao\/\"]}]},{\"@type\":\"ImageObject\",\"inLanguage\":\"pt-PT\",\"@id\":\"https:\/\/faculdadeluteranaconcordia.com.br\/site\/2025\/08\/12\/curso-de-teologia-da-faculdade-luterana-concordia-lanca-os-dois-primeiros-cursos-de-extensao\/#primaryimage\",\"url\":\"https:\/\/faculdadeluteranaconcordia.com.br\/site\/wp-content\/uploads\/2025\/08\/pexels-kevin-malik-9017412-scaled.webp\",\"contentUrl\":\"https:\/\/faculdadeluteranaconcordia.com.br\/site\/wp-content\/uploads\/2025\/08\/pexels-kevin-malik-9017412-scaled.webp\",\"width\":2560,\"height\":1707},{\"@type\":\"BreadcrumbList\",\"@id\":\"https:\/\/faculdadeluteranaconcordia.com.br\/site\/2025\/08\/12\/curso-de-teologia-da-faculdade-luterana-concordia-lanca-os-dois-primeiros-cursos-de-extensao\/#breadcrumb\",\"itemListElement\":[{\"@type\":\"ListItem\",\"position\":1,\"name\":\"In\u00edcio\",\"item\":\"https:\/\/faculdadeluteranaconcordia.com.br\/site\/\"},{\"@type\":\"ListItem\",\"position\":2,\"name\":\"Curso de Teologia da Faculdade Luterana Conc\u00f3rdia lan\u00e7a os dois primeiros cursos de Extens\u00e3o\"}]},{\"@type\":\"WebSite\",\"@id\":\"https:\/\/faculdadeluteranaconcordia.com.br\/site\/#website\",\"url\":\"https:\/\/faculdadeluteranaconcordia.com.br\/site\/\",\"name\":\"Faculdade Luterana Conc\u00f3rdia\",\"description\":\"Site Institucional da Faculdade Luterana\",\"publisher\":{\"@id\":\"https:\/\/faculdadeluteranaconcordia.com.br\/site\/#organization\"},\"potentialAction\":[{\"@type\":\"SearchAction\",\"target\":{\"@type\":\"EntryPoint\",\"urlTemplate\":\"https:\/\/faculdadeluteranaconcordia.com.br\/site\/?s={search_term_string}\"},\"query-input\":{\"@type\":\"PropertyValueSpecification\",\"valueRequired\":true,\"valueName\":\"search_term_string\"}}],\"inLanguage\":\"pt-PT\"},{\"@type\":\"Organization\",\"@id\":\"https:\/\/faculdadeluteranaconcordia.com.br\/site\/#organization\",\"name\":\"Faculdade Luterana Conc\u00f3rdia\",\"url\":\"https:\/\/faculdadeluteranaconcordia.com.br\/site\/\",\"logo\":{\"@type\":\"ImageObject\",\"inLanguage\":\"pt-PT\",\"@id\":\"https:\/\/faculdadeluteranaconcordia.com.br\/site\/#\/schema\/logo\/image\/\",\"url\":\"https:\/\/faculdadeluteranaconcordia.com.br\/site\/wp-content\/uploads\/2023\/04\/LOGO-NOVO-FACULDADE-1.webp\",\"contentUrl\":\"https:\/\/faculdadeluteranaconcordia.com.br\/site\/wp-content\/uploads\/2023\/04\/LOGO-NOVO-FACULDADE-1.webp\",\"width\":1200,\"height\":383,\"caption\":\"Faculdade Luterana Conc\u00f3rdia\"},\"image\":{\"@id\":\"https:\/\/faculdadeluteranaconcordia.com.br\/site\/#\/schema\/logo\/image\/\"}},{\"@type\":\"Person\",\"@id\":\"https:\/\/faculdadeluteranaconcordia.com.br\/site\/#\/schema\/person\/446eb8360fd0672de59d10fcf4e86b8b\",\"name\":\"Lutero\",\"image\":{\"@type\":\"ImageObject\",\"inLanguage\":\"pt-PT\",\"@id\":\"https:\/\/faculdadeluteranaconcordia.com.br\/site\/#\/schema\/person\/image\/\",\"url\":\"https:\/\/secure.gravatar.com\/avatar\/f9e9e74d472c59c248b987e4fc8ce3e120726df22bb88cf395458cb57b97359a?s=96&d=mm&r=g\",\"contentUrl\":\"https:\/\/secure.gravatar.com\/avatar\/f9e9e74d472c59c248b987e4fc8ce3e120726df22bb88cf395458cb57b97359a?s=96&d=mm&r=g\",\"caption\":\"Lutero\"},\"sameAs\":[\"https:\/\/faculdadeluteranaconcordia.com.br\/site\"],\"url\":\"https:\/\/faculdadeluteranaconcordia.com.br\/site\/author\/Lutero\/\"}]}<\/script>\n<!-- \/ Yoast SEO plugin. -->","yoast_head_json":{"title":"Curso de Teologia da Faculdade Luterana Conc\u00f3rdia lan\u00e7a os dois primeiros cursos de Extens\u00e3o - Faculdade Luterana Conc\u00f3rdia","description":"Curso de Teologia da Faculdade Luterana Conc\u00f3rdia lan\u00e7a os dois primeiros cursos de Extens\u00e3o","robots":{"index":"index","follow":"follow","max-snippet":"max-snippet:-1","max-image-preview":"max-image-preview:large","max-video-preview":"max-video-preview:-1"},"canonical":"https:\/\/faculdadeluteranaconcordia.com.br\/site\/2025\/08\/12\/curso-de-teologia-da-faculdade-luterana-concordia-lanca-os-dois-primeiros-cursos-de-extensao\/","og_locale":"pt_PT","og_type":"article","og_title":"Curso de Teologia da Faculdade Luterana Conc\u00f3rdia lan\u00e7a os dois primeiros cursos de Extens\u00e3o - Faculdade Luterana Conc\u00f3rdia","og_description":"No dia 26, o Simp\u00f3sio de Hist\u00f3ria da Igreja seguiu com reflex\u00f5es sobre Niceia, incluindo palestra da Dra. Frenkel e o lan\u00e7amento da revista Hist\u00f3ria Sacra. No mesmo dia, iniciou-se o Simp\u00f3sio de Lutero, com exposi\u00e7\u00f5es sobre a f\u00e9 nicena na Igreja e nos escritos do reformador.","og_url":"https:\/\/faculdadeluteranaconcordia.com.br\/site\/2025\/08\/12\/curso-de-teologia-da-faculdade-luterana-concordia-lanca-os-dois-primeiros-cursos-de-extensao\/","og_site_name":"Faculdade Luterana Conc\u00f3rdia","article_published_time":"2025-08-12T16:57:50+00:00","og_image":[{"width":1280,"height":854,"url":"https:\/\/faculdadeluteranaconcordia.com.br\/site\/wp-content\/uploads\/2025\/06\/prof-prunzel.webp","type":"image\/webp"}],"author":"Lutero","twitter_card":"summary_large_image","twitter_image":"https:\/\/faculdadeluteranaconcordia.com.br\/site\/wp-content\/uploads\/2025\/06\/SimposioI.webp","twitter_misc":{"Escrito por":"Lutero","Tempo estimado de leitura":"2 minutos"},"schema":{"@context":"https:\/\/schema.org","@graph":[{"@type":"Article","@id":"https:\/\/faculdadeluteranaconcordia.com.br\/site\/2025\/08\/12\/curso-de-teologia-da-faculdade-luterana-concordia-lanca-os-dois-primeiros-cursos-de-extensao\/#article","isPartOf":{"@id":"https:\/\/faculdadeluteranaconcordia.com.br\/site\/2025\/08\/12\/curso-de-teologia-da-faculdade-luterana-concordia-lanca-os-dois-primeiros-cursos-de-extensao\/"},"author":{"name":"Lutero","@id":"https:\/\/faculdadeluteranaconcordia.com.br\/site\/#\/schema\/person\/446eb8360fd0672de59d10fcf4e86b8b"},"headline":"Curso de Teologia da Faculdade Luterana Conc\u00f3rdia lan\u00e7a os dois primeiros cursos de Extens\u00e3o","datePublished":"2025-08-12T16:57:50+00:00","mainEntityOfPage":{"@id":"https:\/\/faculdadeluteranaconcordia.com.br\/site\/2025\/08\/12\/curso-de-teologia-da-faculdade-luterana-concordia-lanca-os-dois-primeiros-cursos-de-extensao\/"},"wordCount":335,"commentCount":0,"publisher":{"@id":"https:\/\/faculdadeluteranaconcordia.com.br\/site\/#organization"},"image":{"@id":"https:\/\/faculdadeluteranaconcordia.com.br\/site\/2025\/08\/12\/curso-de-teologia-da-faculdade-luterana-concordia-lanca-os-dois-primeiros-cursos-de-extensao\/#primaryimage"},"thumbnailUrl":"https:\/\/faculdadeluteranaconcordia.com.br\/site\/wp-content\/uploads\/2025\/08\/pexels-kevin-malik-9017412-scaled.webp","articleSection":["Not\u00edcia"],"inLanguage":"pt-PT","potentialAction":[{"@type":"CommentAction","name":"Comment","target":["https:\/\/faculdadeluteranaconcordia.com.br\/site\/2025\/08\/12\/curso-de-teologia-da-faculdade-luterana-concordia-lanca-os-dois-primeiros-cursos-de-extensao\/#respond"]}]},{"@type":"WebPage","@id":"https:\/\/faculdadeluteranaconcordia.com.br\/site\/2025\/08\/12\/curso-de-teologia-da-faculdade-luterana-concordia-lanca-os-dois-primeiros-cursos-de-extensao\/","url":"https:\/\/faculdadeluteranaconcordia.com.br\/site\/2025\/08\/12\/curso-de-teologia-da-faculdade-luterana-concordia-lanca-os-dois-primeiros-cursos-de-extensao\/","name":"Curso de Teologia da Faculdade Luterana Conc\u00f3rdia lan\u00e7a os dois primeiros cursos de Extens\u00e3o - Faculdade Luterana Conc\u00f3rdia","isPartOf":{"@id":"https:\/\/faculdadeluteranaconcordia.com.br\/site\/#website"},"primaryImageOfPage":{"@id":"https:\/\/faculdadeluteranaconcordia.com.br\/site\/2025\/08\/12\/curso-de-teologia-da-faculdade-luterana-concordia-lanca-os-dois-primeiros-cursos-de-extensao\/#primaryimage"},"image":{"@id":"https:\/\/faculdadeluteranaconcordia.com.br\/site\/2025\/08\/12\/curso-de-teologia-da-faculdade-luterana-concordia-lanca-os-dois-primeiros-cursos-de-extensao\/#primaryimage"},"thumbnailUrl":"https:\/\/faculdadeluteranaconcordia.com.br\/site\/wp-content\/uploads\/2025\/08\/pexels-kevin-malik-9017412-scaled.webp","datePublished":"2025-08-12T16:57:50+00:00","description":"Curso de Teologia da Faculdade Luterana Conc\u00f3rdia lan\u00e7a os dois primeiros cursos de Extens\u00e3o","breadcrumb":{"@id":"https:\/\/faculdadeluteranaconcordia.com.br\/site\/2025\/08\/12\/curso-de-teologia-da-faculdade-luterana-concordia-lanca-os-dois-primeiros-cursos-de-extensao\/#breadcrumb"},"inLanguage":"pt-PT","potentialAction":[{"@type":"ReadAction","target":["https:\/\/faculdadeluteranaconcordia.com.br\/site\/2025\/08\/12\/curso-de-teologia-da-faculdade-luterana-concordia-lanca-os-dois-primeiros-cursos-de-extensao\/"]}]},{"@type":"ImageObject","inLanguage":"pt-PT","@id":"https:\/\/faculdadeluteranaconcordia.com.br\/site\/2025\/08\/12\/curso-de-teologia-da-faculdade-luterana-concordia-lanca-os-dois-primeiros-cursos-de-extensao\/#primaryimage","url":"https:\/\/faculdadeluteranaconcordia.com.br\/site\/wp-content\/uploads\/2025\/08\/pexels-kevin-malik-9017412-scaled.webp","contentUrl":"https:\/\/faculdadeluteranaconcordia.com.br\/site\/wp-content\/uploads\/2025\/08\/pexels-kevin-malik-9017412-scaled.webp","width":2560,"height":1707},{"@type":"BreadcrumbList","@id":"https:\/\/faculdadeluteranaconcordia.com.br\/site\/2025\/08\/12\/curso-de-teologia-da-faculdade-luterana-concordia-lanca-os-dois-primeiros-cursos-de-extensao\/#breadcrumb","itemListElement":[{"@type":"ListItem","position":1,"name":"In\u00edcio","item":"https:\/\/faculdadeluteranaconcordia.com.br\/site\/"},{"@type":"ListItem","position":2,"name":"Curso de Teologia da Faculdade Luterana Conc\u00f3rdia lan\u00e7a os dois primeiros cursos de Extens\u00e3o"}]},{"@type":"WebSite","@id":"https:\/\/faculdadeluteranaconcordia.com.br\/site\/#website","url":"https:\/\/faculdadeluteranaconcordia.com.br\/site\/","name":"Faculdade Luterana Conc\u00f3rdia","description":"Site Institucional da Faculdade Luterana","publisher":{"@id":"https:\/\/faculdadeluteranaconcordia.com.br\/site\/#organization"},"potentialAction":[{"@type":"SearchAction","target":{"@type":"EntryPoint","urlTemplate":"https:\/\/faculdadeluteranaconcordia.com.br\/site\/?s={search_term_string}"},"query-input":{"@type":"PropertyValueSpecification","valueRequired":true,"valueName":"search_term_string"}}],"inLanguage":"pt-PT"},{"@type":"Organization","@id":"https:\/\/faculdadeluteranaconcordia.com.br\/site\/#organization","name":"Faculdade Luterana Conc\u00f3rdia","url":"https:\/\/faculdadeluteranaconcordia.com.br\/site\/","logo":{"@type":"ImageObject","inLanguage":"pt-PT","@id":"https:\/\/faculdadeluteranaconcordia.com.br\/site\/#\/schema\/logo\/image\/","url":"https:\/\/faculdadeluteranaconcordia.com.br\/site\/wp-content\/uploads\/2023\/04\/LOGO-NOVO-FACULDADE-1.webp","contentUrl":"https:\/\/faculdadeluteranaconcordia.com.br\/site\/wp-content\/uploads\/2023\/04\/LOGO-NOVO-FACULDADE-1.webp","width":1200,"height":383,"caption":"Faculdade Luterana Conc\u00f3rdia"},"image":{"@id":"https:\/\/faculdadeluteranaconcordia.com.br\/site\/#\/schema\/logo\/image\/"}},{"@type":"Person","@id":"https:\/\/faculdadeluteranaconcordia.com.br\/site\/#\/schema\/person\/446eb8360fd0672de59d10fcf4e86b8b","name":"Lutero","image":{"@type":"ImageObject","inLanguage":"pt-PT","@id":"https:\/\/faculdadeluteranaconcordia.com.br\/site\/#\/schema\/person\/image\/","url":"https:\/\/secure.gravatar.com\/avatar\/f9e9e74d472c59c248b987e4fc8ce3e120726df22bb88cf395458cb57b97359a?s=96&d=mm&r=g","contentUrl":"https:\/\/secure.gravatar.com\/avatar\/f9e9e74d472c59c248b987e4fc8ce3e120726df22bb88cf395458cb57b97359a?s=96&d=mm&r=g","caption":"Lutero"},"sameAs":["https:\/\/faculdadeluteranaconcordia.com.br\/site"],"url":"https:\/\/faculdadeluteranaconcordia.com.br\/site\/author\/Lutero\/"}]}},"_links":{"self":[{"href":"https:\/\/faculdadeluteranaconcordia.com.br\/site\/wp-json\/wp\/v2\/posts\/2394","targetHints":{"allow":["GET"]}}],"collection":[{"href":"https:\/\/faculdadeluteranaconcordia.com.br\/site\/wp-json\/wp\/v2\/posts"}],"about":[{"href":"https:\/\/faculdadeluteranaconcordia.com.br\/site\/wp-json\/wp\/v2\/types\/post"}],"author":[{"embeddable":true,"href":"https:\/\/faculdadeluteranaconcordia.com.br\/site\/wp-json\/wp\/v2\/users\/1"}],"replies":[{"embeddable":true,"href":"https:\/\/faculdadeluteranaconcordia.com.br\/site\/wp-json\/wp\/v2\/comments?post=2394"}],"version-history":[{"count":1,"href":"https:\/\/faculdadeluteranaconcordia.com.br\/site\/wp-json\/wp\/v2\/posts\/2394\/revisions"}],"predecessor-version":[{"id":2396,"href":"https:\/\/faculdadeluteranaconcordia.com.br\/site\/wp-json\/wp\/v2\/posts\/2394\/revisions\/2396"}],"wp:featuredmedia":[{"embeddable":true,"href":"https:\/\/faculdadeluteranaconcordia.com.br\/site\/wp-json\/wp\/v2\/media\/2395"}],"wp:attachment":[{"href":"https:\/\/faculdadeluteranaconcordia.com.br\/site\/wp-json\/wp\/v2\/media?parent=2394"}],"wp:term":[{"taxonomy":"category","embeddable":true,"href":"https:\/\/faculdadeluteranaconcordia.com.br\/site\/wp-json\/wp\/v2\/categories?post=2394"},{"taxonomy":"post_tag","embeddable":true,"href":"https:\/\/faculdadeluteranaconcordia.com.br\/site\/wp-json\/wp\/v2\/tags?post=2394"}],"curies":[{"name":"wp","href":"https:\/\/api.w.org\/{rel}","templated":true}]}}