{"id":3019,"date":"2025-10-28T16:14:44","date_gmt":"2025-10-28T16:14:44","guid":{"rendered":"https:\/\/faculdadeluteranaconcordia.com.br\/site\/?p=3019"},"modified":"2025-10-28T16:14:44","modified_gmt":"2025-10-28T16:14:44","slug":"completado-com-exito-o-primeiro-curso-de-extensao-da-faculdade-luterana-concordia","status":"publish","type":"post","link":"https:\/\/faculdadeluteranaconcordia.com.br\/site\/2025\/10\/28\/completado-com-exito-o-primeiro-curso-de-extensao-da-faculdade-luterana-concordia\/","title":{"rendered":"Completado com \u00eaxito o primeiro Curso de Extens\u00e3o da Faculdade Luterana Conc\u00f3rdia"},"content":{"rendered":"<p>Terminou nesta segunda, 27\/10, a primeira edi\u00e7\u00e3o do Curso de Extens\u00e3o A B\u00edblia que lemos hoje: composi\u00e7\u00e3o, interpreta\u00e7\u00e3o e mensagem. O Curso atende ao Projeto Pedag\u00f3gico de Curso (PPC) e p\u00f5e em destaque a intera\u00e7\u00e3o entre o trin\u00f4mio b\u00e1sico e constitucional universit\u00e1rio: Extens\u00e3o\/Pesquisa\/Ensino.<br \/>\nO objetivo principal da Extens\u00e3o \u00e9 levar o conhecimento produzido no ambiente acad\u00eamico\/teol\u00f3gico para al\u00e9m de seus muros e alcan\u00e7ar a comunidade eclesial e a todas as faixas et\u00e1rias poss\u00edveis.<br \/>\nIsto foi feito. A primeira comunidade alcan\u00e7ada foi a Igreja Assembleia de Deus, Miss\u00e3o Madureira, dirigida pelo pastor Jos\u00e9 Aparecido, no Bairro Campina, em S\u00e3o Leopoldo, RS, que recebeu em seu templo a primeira edi\u00e7\u00e3o do curso. No entanto, houve tamb\u00e9m participa\u00e7\u00e3o de membros dessa igreja das cidades de Sapucaia, Novo Hamburgo, Sapiranga, Parob\u00e9, Rolante e Cachoeirinha.<br \/>\nO Curso come\u00e7ou no dia 11 de agosto e se estendeu at\u00e9 o dia 27 de outubro, quando aconteceu a cerim\u00f4nia de entrega dos atestados e uma confraterniza\u00e7\u00e3o entre os membros daquela comunidade e os professores ministrantes do Curso, Anselmo Ernesto Graff, Gerson Luis Linden e Vilson Scholz.<br \/>\nMais de 50 pessoas receberam seus atestados nesse dia, o que mostra que a luz da palavra de Deus continua a brilhar na vida de muita gente. Louvado seja Deus!<br \/>\nEm 2026 esse curso ser\u00e1 oferecido no campus do Semin\u00e1rio Conc\u00f3rdia e Faculdade Luterana Conc\u00f3rdia. Voc\u00ea n\u00e3o gostaria de viabilizar a participa\u00e7\u00e3o de sua comunidade nesse evento? Caso haja interesse, fa\u00e7a contato com a coordena\u00e7\u00e3o do Curso de Teologia e aprenda sempre mais e melhor como ler e interpretar a palavra de Deus.<br \/>\nagraff@faculdadeluteranaconcordia.com.br<\/p>\n","protected":false},"excerpt":{"rendered":"<p>Terminou nesta segunda, 27\/10, a primeira edi\u00e7\u00e3o do Curso de Extens\u00e3o A B\u00edblia que lemos hoje: composi\u00e7\u00e3o, interpreta\u00e7\u00e3o e mensagem. <\/p>\n","protected":false},"author":1,"featured_media":3020,"comment_status":"open","ping_status":"open","sticky":false,"template":"","format":"standard","meta":{"_acf_changed":false,"footnotes":""},"categories":[1],"tags":[],"class_list":["post-3019","post","type-post","status-publish","format-standard","has-post-thumbnail","hentry","category-uncategorized"],"acf":[],"yoast_head":"<!-- This site is optimized with the Yoast SEO plugin v25.3.1 - https:\/\/yoast.com\/wordpress\/plugins\/seo\/ -->\n<title>Completado com \u00eaxito o primeiro Curso de Extens\u00e3o da Faculdade Luterana Conc\u00f3rdia - Faculdade Luterana Conc\u00f3rdia<\/title>\n<meta name=\"description\" content=\"Completado com \u00eaxito o primeiro Curso de Extens\u00e3o da Faculdade Luterana Conc\u00f3rdia\" \/>\n<meta name=\"robots\" content=\"index, follow, max-snippet:-1, max-image-preview:large, max-video-preview:-1\" \/>\n<link rel=\"canonical\" href=\"https:\/\/faculdadeluteranaconcordia.com.br\/site\/2025\/10\/28\/completado-com-exito-o-primeiro-curso-de-extensao-da-faculdade-luterana-concordia\/\" \/>\n<meta property=\"og:locale\" content=\"pt_PT\" \/>\n<meta property=\"og:type\" content=\"article\" \/>\n<meta property=\"og:title\" content=\"Completado com \u00eaxito o primeiro Curso de Extens\u00e3o da Faculdade Luterana Conc\u00f3rdia - Faculdade Luterana Conc\u00f3rdia\" \/>\n<meta property=\"og:description\" content=\"No dia 26, o Simp\u00f3sio de Hist\u00f3ria da Igreja seguiu com reflex\u00f5es sobre Niceia, incluindo palestra da Dra. Frenkel e o lan\u00e7amento da revista Hist\u00f3ria Sacra. No mesmo dia, iniciou-se o Simp\u00f3sio de Lutero, com exposi\u00e7\u00f5es sobre a f\u00e9 nicena na Igreja e nos escritos do reformador.\" \/>\n<meta property=\"og:url\" content=\"https:\/\/faculdadeluteranaconcordia.com.br\/site\/2025\/10\/28\/completado-com-exito-o-primeiro-curso-de-extensao-da-faculdade-luterana-concordia\/\" \/>\n<meta property=\"og:site_name\" content=\"Faculdade Luterana Conc\u00f3rdia\" \/>\n<meta property=\"article:published_time\" content=\"2025-10-28T16:14:44+00:00\" \/>\n<meta property=\"og:image\" content=\"https:\/\/faculdadeluteranaconcordia.com.br\/site\/wp-content\/uploads\/2025\/06\/prof-prunzel.webp\" \/>\n\t<meta property=\"og:image:width\" content=\"1280\" \/>\n\t<meta property=\"og:image:height\" content=\"854\" \/>\n\t<meta property=\"og:image:type\" content=\"image\/webp\" \/>\n<meta name=\"author\" content=\"Lutero\" \/>\n<meta name=\"twitter:card\" content=\"summary_large_image\" \/>\n<meta name=\"twitter:image\" content=\"https:\/\/faculdadeluteranaconcordia.com.br\/site\/wp-content\/uploads\/2025\/06\/SimposioI.webp\" \/>\n<meta name=\"twitter:label1\" content=\"Escrito por\" \/>\n\t<meta name=\"twitter:data1\" content=\"Lutero\" \/>\n\t<meta name=\"twitter:label2\" content=\"Tempo estimado de leitura\" \/>\n\t<meta name=\"twitter:data2\" content=\"2 minutos\" \/>\n<script type=\"application\/ld+json\" class=\"yoast-schema-graph\">{\"@context\":\"https:\/\/schema.org\",\"@graph\":[{\"@type\":\"Article\",\"@id\":\"https:\/\/faculdadeluteranaconcordia.com.br\/site\/2025\/10\/28\/completado-com-exito-o-primeiro-curso-de-extensao-da-faculdade-luterana-concordia\/#article\",\"isPartOf\":{\"@id\":\"https:\/\/faculdadeluteranaconcordia.com.br\/site\/2025\/10\/28\/completado-com-exito-o-primeiro-curso-de-extensao-da-faculdade-luterana-concordia\/\"},\"author\":{\"name\":\"Lutero\",\"@id\":\"https:\/\/faculdadeluteranaconcordia.com.br\/site\/#\/schema\/person\/446eb8360fd0672de59d10fcf4e86b8b\"},\"headline\":\"Completado com \u00eaxito o primeiro Curso de Extens\u00e3o da Faculdade Luterana Conc\u00f3rdia\",\"datePublished\":\"2025-10-28T16:14:44+00:00\",\"mainEntityOfPage\":{\"@id\":\"https:\/\/faculdadeluteranaconcordia.com.br\/site\/2025\/10\/28\/completado-com-exito-o-primeiro-curso-de-extensao-da-faculdade-luterana-concordia\/\"},\"wordCount\":311,\"commentCount\":0,\"publisher\":{\"@id\":\"https:\/\/faculdadeluteranaconcordia.com.br\/site\/#organization\"},\"image\":{\"@id\":\"https:\/\/faculdadeluteranaconcordia.com.br\/site\/2025\/10\/28\/completado-com-exito-o-primeiro-curso-de-extensao-da-faculdade-luterana-concordia\/#primaryimage\"},\"thumbnailUrl\":\"https:\/\/faculdadeluteranaconcordia.com.br\/site\/wp-content\/uploads\/2025\/10\/WhatsApp-Image-2025-10-28-at-08.12.40-2.jpeg\",\"articleSection\":[\"Not\u00edcia\"],\"inLanguage\":\"pt-PT\",\"potentialAction\":[{\"@type\":\"CommentAction\",\"name\":\"Comment\",\"target\":[\"https:\/\/faculdadeluteranaconcordia.com.br\/site\/2025\/10\/28\/completado-com-exito-o-primeiro-curso-de-extensao-da-faculdade-luterana-concordia\/#respond\"]}]},{\"@type\":\"WebPage\",\"@id\":\"https:\/\/faculdadeluteranaconcordia.com.br\/site\/2025\/10\/28\/completado-com-exito-o-primeiro-curso-de-extensao-da-faculdade-luterana-concordia\/\",\"url\":\"https:\/\/faculdadeluteranaconcordia.com.br\/site\/2025\/10\/28\/completado-com-exito-o-primeiro-curso-de-extensao-da-faculdade-luterana-concordia\/\",\"name\":\"Completado com \u00eaxito o primeiro Curso de Extens\u00e3o da Faculdade Luterana Conc\u00f3rdia - Faculdade Luterana Conc\u00f3rdia\",\"isPartOf\":{\"@id\":\"https:\/\/faculdadeluteranaconcordia.com.br\/site\/#website\"},\"primaryImageOfPage\":{\"@id\":\"https:\/\/faculdadeluteranaconcordia.com.br\/site\/2025\/10\/28\/completado-com-exito-o-primeiro-curso-de-extensao-da-faculdade-luterana-concordia\/#primaryimage\"},\"image\":{\"@id\":\"https:\/\/faculdadeluteranaconcordia.com.br\/site\/2025\/10\/28\/completado-com-exito-o-primeiro-curso-de-extensao-da-faculdade-luterana-concordia\/#primaryimage\"},\"thumbnailUrl\":\"https:\/\/faculdadeluteranaconcordia.com.br\/site\/wp-content\/uploads\/2025\/10\/WhatsApp-Image-2025-10-28-at-08.12.40-2.jpeg\",\"datePublished\":\"2025-10-28T16:14:44+00:00\",\"description\":\"Completado com \u00eaxito o primeiro Curso de Extens\u00e3o da Faculdade Luterana Conc\u00f3rdia\",\"breadcrumb\":{\"@id\":\"https:\/\/faculdadeluteranaconcordia.com.br\/site\/2025\/10\/28\/completado-com-exito-o-primeiro-curso-de-extensao-da-faculdade-luterana-concordia\/#breadcrumb\"},\"inLanguage\":\"pt-PT\",\"potentialAction\":[{\"@type\":\"ReadAction\",\"target\":[\"https:\/\/faculdadeluteranaconcordia.com.br\/site\/2025\/10\/28\/completado-com-exito-o-primeiro-curso-de-extensao-da-faculdade-luterana-concordia\/\"]}]},{\"@type\":\"ImageObject\",\"inLanguage\":\"pt-PT\",\"@id\":\"https:\/\/faculdadeluteranaconcordia.com.br\/site\/2025\/10\/28\/completado-com-exito-o-primeiro-curso-de-extensao-da-faculdade-luterana-concordia\/#primaryimage\",\"url\":\"https:\/\/faculdadeluteranaconcordia.com.br\/site\/wp-content\/uploads\/2025\/10\/WhatsApp-Image-2025-10-28-at-08.12.40-2.jpeg\",\"contentUrl\":\"https:\/\/faculdadeluteranaconcordia.com.br\/site\/wp-content\/uploads\/2025\/10\/WhatsApp-Image-2025-10-28-at-08.12.40-2.jpeg\",\"width\":1600,\"height\":1200},{\"@type\":\"BreadcrumbList\",\"@id\":\"https:\/\/faculdadeluteranaconcordia.com.br\/site\/2025\/10\/28\/completado-com-exito-o-primeiro-curso-de-extensao-da-faculdade-luterana-concordia\/#breadcrumb\",\"itemListElement\":[{\"@type\":\"ListItem\",\"position\":1,\"name\":\"In\u00edcio\",\"item\":\"https:\/\/faculdadeluteranaconcordia.com.br\/site\/\"},{\"@type\":\"ListItem\",\"position\":2,\"name\":\"Completado com \u00eaxito o primeiro Curso de Extens\u00e3o da Faculdade Luterana Conc\u00f3rdia\"}]},{\"@type\":\"WebSite\",\"@id\":\"https:\/\/faculdadeluteranaconcordia.com.br\/site\/#website\",\"url\":\"https:\/\/faculdadeluteranaconcordia.com.br\/site\/\",\"name\":\"Faculdade Luterana Conc\u00f3rdia\",\"description\":\"Site Institucional da Faculdade Luterana\",\"publisher\":{\"@id\":\"https:\/\/faculdadeluteranaconcordia.com.br\/site\/#organization\"},\"potentialAction\":[{\"@type\":\"SearchAction\",\"target\":{\"@type\":\"EntryPoint\",\"urlTemplate\":\"https:\/\/faculdadeluteranaconcordia.com.br\/site\/?s={search_term_string}\"},\"query-input\":{\"@type\":\"PropertyValueSpecification\",\"valueRequired\":true,\"valueName\":\"search_term_string\"}}],\"inLanguage\":\"pt-PT\"},{\"@type\":\"Organization\",\"@id\":\"https:\/\/faculdadeluteranaconcordia.com.br\/site\/#organization\",\"name\":\"Faculdade Luterana Conc\u00f3rdia\",\"url\":\"https:\/\/faculdadeluteranaconcordia.com.br\/site\/\",\"logo\":{\"@type\":\"ImageObject\",\"inLanguage\":\"pt-PT\",\"@id\":\"https:\/\/faculdadeluteranaconcordia.com.br\/site\/#\/schema\/logo\/image\/\",\"url\":\"https:\/\/faculdadeluteranaconcordia.com.br\/site\/wp-content\/uploads\/2023\/04\/LOGO-NOVO-FACULDADE-1.webp\",\"contentUrl\":\"https:\/\/faculdadeluteranaconcordia.com.br\/site\/wp-content\/uploads\/2023\/04\/LOGO-NOVO-FACULDADE-1.webp\",\"width\":1200,\"height\":383,\"caption\":\"Faculdade Luterana Conc\u00f3rdia\"},\"image\":{\"@id\":\"https:\/\/faculdadeluteranaconcordia.com.br\/site\/#\/schema\/logo\/image\/\"}},{\"@type\":\"Person\",\"@id\":\"https:\/\/faculdadeluteranaconcordia.com.br\/site\/#\/schema\/person\/446eb8360fd0672de59d10fcf4e86b8b\",\"name\":\"Lutero\",\"image\":{\"@type\":\"ImageObject\",\"inLanguage\":\"pt-PT\",\"@id\":\"https:\/\/faculdadeluteranaconcordia.com.br\/site\/#\/schema\/person\/image\/\",\"url\":\"https:\/\/secure.gravatar.com\/avatar\/f9e9e74d472c59c248b987e4fc8ce3e120726df22bb88cf395458cb57b97359a?s=96&d=mm&r=g\",\"contentUrl\":\"https:\/\/secure.gravatar.com\/avatar\/f9e9e74d472c59c248b987e4fc8ce3e120726df22bb88cf395458cb57b97359a?s=96&d=mm&r=g\",\"caption\":\"Lutero\"},\"sameAs\":[\"https:\/\/faculdadeluteranaconcordia.com.br\/site\"],\"url\":\"https:\/\/faculdadeluteranaconcordia.com.br\/site\/author\/Lutero\/\"}]}<\/script>\n<!-- \/ Yoast SEO plugin. -->","yoast_head_json":{"title":"Completado com \u00eaxito o primeiro Curso de Extens\u00e3o da Faculdade Luterana Conc\u00f3rdia - Faculdade Luterana Conc\u00f3rdia","description":"Completado com \u00eaxito o primeiro Curso de Extens\u00e3o da Faculdade Luterana Conc\u00f3rdia","robots":{"index":"index","follow":"follow","max-snippet":"max-snippet:-1","max-image-preview":"max-image-preview:large","max-video-preview":"max-video-preview:-1"},"canonical":"https:\/\/faculdadeluteranaconcordia.com.br\/site\/2025\/10\/28\/completado-com-exito-o-primeiro-curso-de-extensao-da-faculdade-luterana-concordia\/","og_locale":"pt_PT","og_type":"article","og_title":"Completado com \u00eaxito o primeiro Curso de Extens\u00e3o da Faculdade Luterana Conc\u00f3rdia - Faculdade Luterana Conc\u00f3rdia","og_description":"No dia 26, o Simp\u00f3sio de Hist\u00f3ria da Igreja seguiu com reflex\u00f5es sobre Niceia, incluindo palestra da Dra. Frenkel e o lan\u00e7amento da revista Hist\u00f3ria Sacra. No mesmo dia, iniciou-se o Simp\u00f3sio de Lutero, com exposi\u00e7\u00f5es sobre a f\u00e9 nicena na Igreja e nos escritos do reformador.","og_url":"https:\/\/faculdadeluteranaconcordia.com.br\/site\/2025\/10\/28\/completado-com-exito-o-primeiro-curso-de-extensao-da-faculdade-luterana-concordia\/","og_site_name":"Faculdade Luterana Conc\u00f3rdia","article_published_time":"2025-10-28T16:14:44+00:00","og_image":[{"width":1280,"height":854,"url":"https:\/\/faculdadeluteranaconcordia.com.br\/site\/wp-content\/uploads\/2025\/06\/prof-prunzel.webp","type":"image\/webp"}],"author":"Lutero","twitter_card":"summary_large_image","twitter_image":"https:\/\/faculdadeluteranaconcordia.com.br\/site\/wp-content\/uploads\/2025\/06\/SimposioI.webp","twitter_misc":{"Escrito por":"Lutero","Tempo estimado de leitura":"2 minutos"},"schema":{"@context":"https:\/\/schema.org","@graph":[{"@type":"Article","@id":"https:\/\/faculdadeluteranaconcordia.com.br\/site\/2025\/10\/28\/completado-com-exito-o-primeiro-curso-de-extensao-da-faculdade-luterana-concordia\/#article","isPartOf":{"@id":"https:\/\/faculdadeluteranaconcordia.com.br\/site\/2025\/10\/28\/completado-com-exito-o-primeiro-curso-de-extensao-da-faculdade-luterana-concordia\/"},"author":{"name":"Lutero","@id":"https:\/\/faculdadeluteranaconcordia.com.br\/site\/#\/schema\/person\/446eb8360fd0672de59d10fcf4e86b8b"},"headline":"Completado com \u00eaxito o primeiro Curso de Extens\u00e3o da Faculdade Luterana Conc\u00f3rdia","datePublished":"2025-10-28T16:14:44+00:00","mainEntityOfPage":{"@id":"https:\/\/faculdadeluteranaconcordia.com.br\/site\/2025\/10\/28\/completado-com-exito-o-primeiro-curso-de-extensao-da-faculdade-luterana-concordia\/"},"wordCount":311,"commentCount":0,"publisher":{"@id":"https:\/\/faculdadeluteranaconcordia.com.br\/site\/#organization"},"image":{"@id":"https:\/\/faculdadeluteranaconcordia.com.br\/site\/2025\/10\/28\/completado-com-exito-o-primeiro-curso-de-extensao-da-faculdade-luterana-concordia\/#primaryimage"},"thumbnailUrl":"https:\/\/faculdadeluteranaconcordia.com.br\/site\/wp-content\/uploads\/2025\/10\/WhatsApp-Image-2025-10-28-at-08.12.40-2.jpeg","articleSection":["Not\u00edcia"],"inLanguage":"pt-PT","potentialAction":[{"@type":"CommentAction","name":"Comment","target":["https:\/\/faculdadeluteranaconcordia.com.br\/site\/2025\/10\/28\/completado-com-exito-o-primeiro-curso-de-extensao-da-faculdade-luterana-concordia\/#respond"]}]},{"@type":"WebPage","@id":"https:\/\/faculdadeluteranaconcordia.com.br\/site\/2025\/10\/28\/completado-com-exito-o-primeiro-curso-de-extensao-da-faculdade-luterana-concordia\/","url":"https:\/\/faculdadeluteranaconcordia.com.br\/site\/2025\/10\/28\/completado-com-exito-o-primeiro-curso-de-extensao-da-faculdade-luterana-concordia\/","name":"Completado com \u00eaxito o primeiro Curso de Extens\u00e3o da Faculdade Luterana Conc\u00f3rdia - Faculdade Luterana Conc\u00f3rdia","isPartOf":{"@id":"https:\/\/faculdadeluteranaconcordia.com.br\/site\/#website"},"primaryImageOfPage":{"@id":"https:\/\/faculdadeluteranaconcordia.com.br\/site\/2025\/10\/28\/completado-com-exito-o-primeiro-curso-de-extensao-da-faculdade-luterana-concordia\/#primaryimage"},"image":{"@id":"https:\/\/faculdadeluteranaconcordia.com.br\/site\/2025\/10\/28\/completado-com-exito-o-primeiro-curso-de-extensao-da-faculdade-luterana-concordia\/#primaryimage"},"thumbnailUrl":"https:\/\/faculdadeluteranaconcordia.com.br\/site\/wp-content\/uploads\/2025\/10\/WhatsApp-Image-2025-10-28-at-08.12.40-2.jpeg","datePublished":"2025-10-28T16:14:44+00:00","description":"Completado com \u00eaxito o primeiro Curso de Extens\u00e3o da Faculdade Luterana Conc\u00f3rdia","breadcrumb":{"@id":"https:\/\/faculdadeluteranaconcordia.com.br\/site\/2025\/10\/28\/completado-com-exito-o-primeiro-curso-de-extensao-da-faculdade-luterana-concordia\/#breadcrumb"},"inLanguage":"pt-PT","potentialAction":[{"@type":"ReadAction","target":["https:\/\/faculdadeluteranaconcordia.com.br\/site\/2025\/10\/28\/completado-com-exito-o-primeiro-curso-de-extensao-da-faculdade-luterana-concordia\/"]}]},{"@type":"ImageObject","inLanguage":"pt-PT","@id":"https:\/\/faculdadeluteranaconcordia.com.br\/site\/2025\/10\/28\/completado-com-exito-o-primeiro-curso-de-extensao-da-faculdade-luterana-concordia\/#primaryimage","url":"https:\/\/faculdadeluteranaconcordia.com.br\/site\/wp-content\/uploads\/2025\/10\/WhatsApp-Image-2025-10-28-at-08.12.40-2.jpeg","contentUrl":"https:\/\/faculdadeluteranaconcordia.com.br\/site\/wp-content\/uploads\/2025\/10\/WhatsApp-Image-2025-10-28-at-08.12.40-2.jpeg","width":1600,"height":1200},{"@type":"BreadcrumbList","@id":"https:\/\/faculdadeluteranaconcordia.com.br\/site\/2025\/10\/28\/completado-com-exito-o-primeiro-curso-de-extensao-da-faculdade-luterana-concordia\/#breadcrumb","itemListElement":[{"@type":"ListItem","position":1,"name":"In\u00edcio","item":"https:\/\/faculdadeluteranaconcordia.com.br\/site\/"},{"@type":"ListItem","position":2,"name":"Completado com \u00eaxito o primeiro Curso de Extens\u00e3o da Faculdade Luterana Conc\u00f3rdia"}]},{"@type":"WebSite","@id":"https:\/\/faculdadeluteranaconcordia.com.br\/site\/#website","url":"https:\/\/faculdadeluteranaconcordia.com.br\/site\/","name":"Faculdade Luterana Conc\u00f3rdia","description":"Site Institucional da Faculdade Luterana","publisher":{"@id":"https:\/\/faculdadeluteranaconcordia.com.br\/site\/#organization"},"potentialAction":[{"@type":"SearchAction","target":{"@type":"EntryPoint","urlTemplate":"https:\/\/faculdadeluteranaconcordia.com.br\/site\/?s={search_term_string}"},"query-input":{"@type":"PropertyValueSpecification","valueRequired":true,"valueName":"search_term_string"}}],"inLanguage":"pt-PT"},{"@type":"Organization","@id":"https:\/\/faculdadeluteranaconcordia.com.br\/site\/#organization","name":"Faculdade Luterana Conc\u00f3rdia","url":"https:\/\/faculdadeluteranaconcordia.com.br\/site\/","logo":{"@type":"ImageObject","inLanguage":"pt-PT","@id":"https:\/\/faculdadeluteranaconcordia.com.br\/site\/#\/schema\/logo\/image\/","url":"https:\/\/faculdadeluteranaconcordia.com.br\/site\/wp-content\/uploads\/2023\/04\/LOGO-NOVO-FACULDADE-1.webp","contentUrl":"https:\/\/faculdadeluteranaconcordia.com.br\/site\/wp-content\/uploads\/2023\/04\/LOGO-NOVO-FACULDADE-1.webp","width":1200,"height":383,"caption":"Faculdade Luterana Conc\u00f3rdia"},"image":{"@id":"https:\/\/faculdadeluteranaconcordia.com.br\/site\/#\/schema\/logo\/image\/"}},{"@type":"Person","@id":"https:\/\/faculdadeluteranaconcordia.com.br\/site\/#\/schema\/person\/446eb8360fd0672de59d10fcf4e86b8b","name":"Lutero","image":{"@type":"ImageObject","inLanguage":"pt-PT","@id":"https:\/\/faculdadeluteranaconcordia.com.br\/site\/#\/schema\/person\/image\/","url":"https:\/\/secure.gravatar.com\/avatar\/f9e9e74d472c59c248b987e4fc8ce3e120726df22bb88cf395458cb57b97359a?s=96&d=mm&r=g","contentUrl":"https:\/\/secure.gravatar.com\/avatar\/f9e9e74d472c59c248b987e4fc8ce3e120726df22bb88cf395458cb57b97359a?s=96&d=mm&r=g","caption":"Lutero"},"sameAs":["https:\/\/faculdadeluteranaconcordia.com.br\/site"],"url":"https:\/\/faculdadeluteranaconcordia.com.br\/site\/author\/Lutero\/"}]}},"_links":{"self":[{"href":"https:\/\/faculdadeluteranaconcordia.com.br\/site\/wp-json\/wp\/v2\/posts\/3019","targetHints":{"allow":["GET"]}}],"collection":[{"href":"https:\/\/faculdadeluteranaconcordia.com.br\/site\/wp-json\/wp\/v2\/posts"}],"about":[{"href":"https:\/\/faculdadeluteranaconcordia.com.br\/site\/wp-json\/wp\/v2\/types\/post"}],"author":[{"embeddable":true,"href":"https:\/\/faculdadeluteranaconcordia.com.br\/site\/wp-json\/wp\/v2\/users\/1"}],"replies":[{"embeddable":true,"href":"https:\/\/faculdadeluteranaconcordia.com.br\/site\/wp-json\/wp\/v2\/comments?post=3019"}],"version-history":[{"count":1,"href":"https:\/\/faculdadeluteranaconcordia.com.br\/site\/wp-json\/wp\/v2\/posts\/3019\/revisions"}],"predecessor-version":[{"id":3021,"href":"https:\/\/faculdadeluteranaconcordia.com.br\/site\/wp-json\/wp\/v2\/posts\/3019\/revisions\/3021"}],"wp:featuredmedia":[{"embeddable":true,"href":"https:\/\/faculdadeluteranaconcordia.com.br\/site\/wp-json\/wp\/v2\/media\/3020"}],"wp:attachment":[{"href":"https:\/\/faculdadeluteranaconcordia.com.br\/site\/wp-json\/wp\/v2\/media?parent=3019"}],"wp:term":[{"taxonomy":"category","embeddable":true,"href":"https:\/\/faculdadeluteranaconcordia.com.br\/site\/wp-json\/wp\/v2\/categories?post=3019"},{"taxonomy":"post_tag","embeddable":true,"href":"https:\/\/faculdadeluteranaconcordia.com.br\/site\/wp-json\/wp\/v2\/tags?post=3019"}],"curies":[{"name":"wp","href":"https:\/\/api.w.org\/{rel}","templated":true}]}}