{"id":3047,"date":"2026-03-11T22:09:49","date_gmt":"2026-03-11T22:09:49","guid":{"rendered":"https:\/\/faculdadeluteranaconcordia.com.br\/site\/?p=3047"},"modified":"2026-03-11T22:13:06","modified_gmt":"2026-03-11T22:13:06","slug":"formacao-docente-do-curso-de-teologia-da-faculdade-luterana-concordia","status":"publish","type":"post","link":"https:\/\/faculdadeluteranaconcordia.com.br\/site\/2026\/03\/11\/formacao-docente-do-curso-de-teologia-da-faculdade-luterana-concordia\/","title":{"rendered":"Forma\u00e7\u00e3o Docente do Curso de Teologia da Faculdade Luterana Conc\u00f3rdia."},"content":{"rendered":"\t\t<div data-elementor-type=\"wp-post\" data-elementor-id=\"3047\" class=\"elementor elementor-3047\" data-elementor-post-type=\"post\">\n\t\t\t\t\t\t\t\t\t<section class=\"elementor-section elementor-top-section elementor-element elementor-element-832be39 elementor-section-boxed elementor-section-height-default elementor-section-height-default\" data-id=\"832be39\" data-element_type=\"section\">\n\t\t\t\t\t\t<div class=\"elementor-container elementor-column-gap-default\">\n\t\t\t\t\t<div class=\"elementor-column elementor-col-50 elementor-top-column elementor-element elementor-element-0653187\" data-id=\"0653187\" data-element_type=\"column\">\n\t\t\t<div class=\"elementor-widget-wrap elementor-element-populated\">\n\t\t\t\t\t\t\t\t<div class=\"elementor-element elementor-element-3ea825f elementor-widget elementor-widget-spacer\" data-id=\"3ea825f\" data-element_type=\"widget\" data-widget_type=\"spacer.default\">\n\t\t\t\t<div class=\"elementor-widget-container\">\n\t\t\t<style>\/*! elementor - v3.14.0 - 26-06-2023 *\/\n.elementor-column .elementor-spacer-inner{height:var(--spacer-size)}.e-con{--container-widget-width:100%}.e-con-inner>.elementor-widget-spacer,.e-con>.elementor-widget-spacer{width:var(--container-widget-width,var(--spacer-size));--align-self:var(--container-widget-align-self,initial);--flex-shrink:0}.e-con-inner>.elementor-widget-spacer>.elementor-widget-container,.e-con-inner>.elementor-widget-spacer>.elementor-widget-container>.elementor-spacer,.e-con>.elementor-widget-spacer>.elementor-widget-container,.e-con>.elementor-widget-spacer>.elementor-widget-container>.elementor-spacer{height:100%}.e-con-inner>.elementor-widget-spacer>.elementor-widget-container>.elementor-spacer>.elementor-spacer-inner,.e-con>.elementor-widget-spacer>.elementor-widget-container>.elementor-spacer>.elementor-spacer-inner{height:var(--container-widget-height,var(--spacer-size))}<\/style>\t\t<div class=\"elementor-spacer\">\n\t\t\t<div class=\"elementor-spacer-inner\"><\/div>\n\t\t<\/div>\n\t\t\t\t<\/div>\n\t\t\t\t<\/div>\n\t\t\t\t<div class=\"elementor-element elementor-element-cd9465f elementor-widget__width-initial elementor-widget elementor-widget-image\" data-id=\"cd9465f\" data-element_type=\"widget\" data-widget_type=\"image.default\">\n\t\t\t\t<div class=\"elementor-widget-container\">\n\t\t\t<style>\/*! elementor - v3.14.0 - 26-06-2023 *\/\n.elementor-widget-image{text-align:center}.elementor-widget-image a{display:inline-block}.elementor-widget-image a img[src$=\".svg\"]{width:48px}.elementor-widget-image img{vertical-align:middle;display:inline-block}<\/style>\t\t\t\t\t\t\t\t\t\t\t\t<img loading=\"lazy\" decoding=\"async\" width=\"800\" height=\"600\" src=\"https:\/\/faculdadeluteranaconcordia.com.br\/site\/wp-content\/uploads\/2026\/03\/WhatsApp-Image-2026-03-10-at-10.49.19-1024x768.jpeg\" class=\"attachment-large size-large wp-image-3048\" alt=\"\" srcset=\"https:\/\/faculdadeluteranaconcordia.com.br\/site\/wp-content\/uploads\/2026\/03\/WhatsApp-Image-2026-03-10-at-10.49.19-1024x768.jpeg 1024w, https:\/\/faculdadeluteranaconcordia.com.br\/site\/wp-content\/uploads\/2026\/03\/WhatsApp-Image-2026-03-10-at-10.49.19-300x225.jpeg 300w, https:\/\/faculdadeluteranaconcordia.com.br\/site\/wp-content\/uploads\/2026\/03\/WhatsApp-Image-2026-03-10-at-10.49.19-768x576.jpeg 768w, https:\/\/faculdadeluteranaconcordia.com.br\/site\/wp-content\/uploads\/2026\/03\/WhatsApp-Image-2026-03-10-at-10.49.19-1536x1152.jpeg 1536w, https:\/\/faculdadeluteranaconcordia.com.br\/site\/wp-content\/uploads\/2026\/03\/WhatsApp-Image-2026-03-10-at-10.49.19.jpeg 1600w\" sizes=\"auto, (max-width: 800px) 100vw, 800px\" \/>\t\t\t\t\t\t\t\t\t\t\t\t\t\t\t<\/div>\n\t\t\t\t<\/div>\n\t\t\t\t\t<\/div>\n\t\t<\/div>\n\t\t\t\t<div class=\"elementor-column elementor-col-50 elementor-top-column elementor-element elementor-element-03b84bd\" data-id=\"03b84bd\" data-element_type=\"column\">\n\t\t\t<div class=\"elementor-widget-wrap elementor-element-populated\">\n\t\t\t\t\t\t\t\t<div class=\"elementor-element elementor-element-dab6cf1 elementor-drop-cap-yes elementor-drop-cap-view-default elementor-widget elementor-widget-text-editor\" data-id=\"dab6cf1\" data-element_type=\"widget\" data-settings=\"{&quot;drop_cap&quot;:&quot;yes&quot;}\" data-widget_type=\"text-editor.default\">\n\t\t\t\t<div class=\"elementor-widget-container\">\n\t\t\t<style>\/*! elementor - v3.14.0 - 26-06-2023 *\/\n.elementor-widget-text-editor.elementor-drop-cap-view-stacked .elementor-drop-cap{background-color:#69727d;color:#fff}.elementor-widget-text-editor.elementor-drop-cap-view-framed .elementor-drop-cap{color:#69727d;border:3px solid;background-color:transparent}.elementor-widget-text-editor:not(.elementor-drop-cap-view-default) .elementor-drop-cap{margin-top:8px}.elementor-widget-text-editor:not(.elementor-drop-cap-view-default) .elementor-drop-cap-letter{width:1em;height:1em}.elementor-widget-text-editor .elementor-drop-cap{float:left;text-align:center;line-height:1;font-size:50px}.elementor-widget-text-editor .elementor-drop-cap-letter{display:inline-block}<\/style>\t\t\t\t<p>No primeiro dia o tema foi a qualidade da educa\u00e7\u00e3o teol\u00f3gica na Faculdade Luterana Conc\u00f3rdia. A coordena\u00e7\u00e3o do curso de Teologia fez a introdu\u00e7\u00e3o conceitual de qualidade na educa\u00e7\u00e3o e o em seguida o colegiado debateu sobre quest\u00f5es relacionadas a indicadores de qualidade para sua aferi\u00e7\u00e3o. A principal conclus\u00e3o \u00e9 que indicadores de qualidade precisam ser percebidos tridimensionalmente: da perspectiva da atua\u00e7\u00e3o do professor, do aluno e da infraestrutura. Para continuidade do debate, ser\u00e3o desencadeadas reflex\u00f5es atrav\u00e9s de um \u201cobservat\u00f3rio de qualidade\u201d, a fim que o tema seja de debate cont\u00ednuo. Neste momento esteve presente o representante da mantenedora da Faculdade, Rev. Joel M\u00fcller, vice-presidente de Ensino.\u00a0<\/p>\t\t\t\t\t\t<\/div>\n\t\t\t\t<\/div>\n\t\t\t\t\t<\/div>\n\t\t<\/div>\n\t\t\t\t\t\t\t<\/div>\n\t\t<\/section>\n\t\t\t\t<section class=\"elementor-section elementor-top-section elementor-element elementor-element-ae6126b elementor-section-boxed elementor-section-height-default elementor-section-height-default\" data-id=\"ae6126b\" data-element_type=\"section\">\n\t\t\t\t\t\t<div class=\"elementor-container elementor-column-gap-default\">\n\t\t\t\t\t<div class=\"elementor-column elementor-col-50 elementor-top-column elementor-element elementor-element-5ba1d71\" data-id=\"5ba1d71\" data-element_type=\"column\">\n\t\t\t<div class=\"elementor-widget-wrap elementor-element-populated\">\n\t\t\t\t\t\t\t\t<div class=\"elementor-element elementor-element-ba7911f elementor-drop-cap-yes elementor-drop-cap-view-default elementor-widget elementor-widget-text-editor\" data-id=\"ba7911f\" data-element_type=\"widget\" data-settings=\"{&quot;drop_cap&quot;:&quot;yes&quot;}\" data-widget_type=\"text-editor.default\">\n\t\t\t\t<div class=\"elementor-widget-container\">\n\t\t\t\t\t\t\t<p>No segundo dia a forma\u00e7\u00e3o docente continuada prosseguiu com a apresenta\u00e7\u00e3o de estudo do vice-presidente de Educa\u00e7\u00e3o Crist\u00e3 da mantenedora da Faculdade Luterana Conc\u00f3rdia (Igreja Evang\u00e9lica Luterana do Brasil | IELB), Rev. Fernando Garske. O t\u00f3pico principal foi a Intelig\u00eancia Artificial e o recorte em sua apresenta\u00e7\u00e3o foi o aspecto \u00e9tico na sua utiliza\u00e7\u00e3o, especialmente a responsabilidade e o cuidado ao fazer uso desse instrumento de pesquisa.<\/p>\t\t\t\t\t\t<\/div>\n\t\t\t\t<\/div>\n\t\t\t\t\t<\/div>\n\t\t<\/div>\n\t\t\t\t<div class=\"elementor-column elementor-col-50 elementor-top-column elementor-element elementor-element-3d9e841\" data-id=\"3d9e841\" data-element_type=\"column\">\n\t\t\t<div class=\"elementor-widget-wrap elementor-element-populated\">\n\t\t\t\t\t\t\t\t<div class=\"elementor-element elementor-element-26120e4 elementor-widget elementor-widget-image\" data-id=\"26120e4\" data-element_type=\"widget\" data-widget_type=\"image.default\">\n\t\t\t\t<div class=\"elementor-widget-container\">\n\t\t\t\t\t\t\t\t\t\t\t\t\t\t\t<img loading=\"lazy\" decoding=\"async\" width=\"768\" height=\"1024\" src=\"https:\/\/faculdadeluteranaconcordia.com.br\/site\/wp-content\/uploads\/2026\/03\/WhatsApp-Image-2026-03-10-at-10.49.25-768x1024.jpeg\" class=\"attachment-large size-large wp-image-3049\" alt=\"\" srcset=\"https:\/\/faculdadeluteranaconcordia.com.br\/site\/wp-content\/uploads\/2026\/03\/WhatsApp-Image-2026-03-10-at-10.49.25-768x1024.jpeg 768w, https:\/\/faculdadeluteranaconcordia.com.br\/site\/wp-content\/uploads\/2026\/03\/WhatsApp-Image-2026-03-10-at-10.49.25-225x300.jpeg 225w, https:\/\/faculdadeluteranaconcordia.com.br\/site\/wp-content\/uploads\/2026\/03\/WhatsApp-Image-2026-03-10-at-10.49.25-1152x1536.jpeg 1152w, https:\/\/faculdadeluteranaconcordia.com.br\/site\/wp-content\/uploads\/2026\/03\/WhatsApp-Image-2026-03-10-at-10.49.25.jpeg 1200w\" sizes=\"auto, (max-width: 768px) 100vw, 768px\" \/>\t\t\t\t\t\t\t\t\t\t\t\t\t\t\t<\/div>\n\t\t\t\t<\/div>\n\t\t\t\t\t<\/div>\n\t\t<\/div>\n\t\t\t\t\t\t\t<\/div>\n\t\t<\/section>\n\t\t\t\t\t\t\t<\/div>\n\t\t","protected":false},"excerpt":{"rendered":"<p>Docentes do curso de Teologia da Faculdade Luterana Conc\u00f3rdia participam de forma\u00e7\u00e3o nos dias 11 e 12 de fevereiro.<\/p>\n","protected":false},"author":1,"featured_media":3048,"comment_status":"closed","ping_status":"open","sticky":false,"template":"","format":"standard","meta":{"_acf_changed":false,"footnotes":""},"categories":[1],"tags":[],"class_list":["post-3047","post","type-post","status-publish","format-standard","has-post-thumbnail","hentry","category-uncategorized"],"acf":[],"yoast_head":"<!-- This site is optimized with the Yoast SEO plugin v25.3.1 - https:\/\/yoast.com\/wordpress\/plugins\/seo\/ -->\n<title>Forma\u00e7\u00e3o Docente do Curso de Teologia da Faculdade Luterana Conc\u00f3rdia. - Faculdade Luterana Conc\u00f3rdia<\/title>\n<meta name=\"robots\" content=\"index, follow, max-snippet:-1, max-image-preview:large, max-video-preview:-1\" \/>\n<link rel=\"canonical\" href=\"https:\/\/faculdadeluteranaconcordia.com.br\/site\/2026\/03\/11\/formacao-docente-do-curso-de-teologia-da-faculdade-luterana-concordia\/\" \/>\n<meta property=\"og:locale\" content=\"pt_PT\" \/>\n<meta property=\"og:type\" content=\"article\" \/>\n<meta property=\"og:title\" content=\"Forma\u00e7\u00e3o Docente do Curso de Teologia da Faculdade Luterana Conc\u00f3rdia. - Faculdade Luterana Conc\u00f3rdia\" \/>\n<meta property=\"og:description\" content=\"Docentes do curso de Teologia da Faculdade Luterana Conc\u00f3rdia participam de forma\u00e7\u00e3o nos dias 11 e 12 de fevereiro.\" \/>\n<meta property=\"og:url\" content=\"https:\/\/faculdadeluteranaconcordia.com.br\/site\/2026\/03\/11\/formacao-docente-do-curso-de-teologia-da-faculdade-luterana-concordia\/\" \/>\n<meta property=\"og:site_name\" content=\"Faculdade Luterana Conc\u00f3rdia\" \/>\n<meta property=\"article:published_time\" content=\"2026-03-11T22:09:49+00:00\" \/>\n<meta property=\"article:modified_time\" content=\"2026-03-11T22:13:06+00:00\" \/>\n<meta property=\"og:image\" content=\"https:\/\/faculdadeluteranaconcordia.com.br\/site\/wp-content\/uploads\/2026\/03\/WhatsApp-Image-2026-03-10-at-10.49.19.jpeg\" \/>\n\t<meta property=\"og:image:width\" content=\"1600\" \/>\n\t<meta property=\"og:image:height\" content=\"1200\" \/>\n\t<meta property=\"og:image:type\" content=\"image\/jpeg\" \/>\n<meta name=\"author\" content=\"Lutero\" \/>\n<meta name=\"twitter:card\" content=\"summary_large_image\" \/>\n<meta name=\"twitter:label1\" content=\"Escrito por\" \/>\n\t<meta name=\"twitter:data1\" content=\"Lutero\" \/>\n\t<meta name=\"twitter:label2\" content=\"Tempo estimado de leitura\" \/>\n\t<meta name=\"twitter:data2\" content=\"2 minutos\" \/>\n<script type=\"application\/ld+json\" class=\"yoast-schema-graph\">{\"@context\":\"https:\/\/schema.org\",\"@graph\":[{\"@type\":\"Article\",\"@id\":\"https:\/\/faculdadeluteranaconcordia.com.br\/site\/2026\/03\/11\/formacao-docente-do-curso-de-teologia-da-faculdade-luterana-concordia\/#article\",\"isPartOf\":{\"@id\":\"https:\/\/faculdadeluteranaconcordia.com.br\/site\/2026\/03\/11\/formacao-docente-do-curso-de-teologia-da-faculdade-luterana-concordia\/\"},\"author\":{\"name\":\"Lutero\",\"@id\":\"https:\/\/faculdadeluteranaconcordia.com.br\/site\/#\/schema\/person\/446eb8360fd0672de59d10fcf4e86b8b\"},\"headline\":\"Forma\u00e7\u00e3o Docente do Curso de Teologia da Faculdade Luterana Conc\u00f3rdia.\",\"datePublished\":\"2026-03-11T22:09:49+00:00\",\"dateModified\":\"2026-03-11T22:13:06+00:00\",\"mainEntityOfPage\":{\"@id\":\"https:\/\/faculdadeluteranaconcordia.com.br\/site\/2026\/03\/11\/formacao-docente-do-curso-de-teologia-da-faculdade-luterana-concordia\/\"},\"wordCount\":209,\"publisher\":{\"@id\":\"https:\/\/faculdadeluteranaconcordia.com.br\/site\/#organization\"},\"image\":{\"@id\":\"https:\/\/faculdadeluteranaconcordia.com.br\/site\/2026\/03\/11\/formacao-docente-do-curso-de-teologia-da-faculdade-luterana-concordia\/#primaryimage\"},\"thumbnailUrl\":\"https:\/\/faculdadeluteranaconcordia.com.br\/site\/wp-content\/uploads\/2026\/03\/WhatsApp-Image-2026-03-10-at-10.49.19.jpeg\",\"articleSection\":[\"Not\u00edcia\"],\"inLanguage\":\"pt-PT\"},{\"@type\":\"WebPage\",\"@id\":\"https:\/\/faculdadeluteranaconcordia.com.br\/site\/2026\/03\/11\/formacao-docente-do-curso-de-teologia-da-faculdade-luterana-concordia\/\",\"url\":\"https:\/\/faculdadeluteranaconcordia.com.br\/site\/2026\/03\/11\/formacao-docente-do-curso-de-teologia-da-faculdade-luterana-concordia\/\",\"name\":\"Forma\u00e7\u00e3o Docente do Curso de Teologia da Faculdade Luterana Conc\u00f3rdia. - Faculdade Luterana Conc\u00f3rdia\",\"isPartOf\":{\"@id\":\"https:\/\/faculdadeluteranaconcordia.com.br\/site\/#website\"},\"primaryImageOfPage\":{\"@id\":\"https:\/\/faculdadeluteranaconcordia.com.br\/site\/2026\/03\/11\/formacao-docente-do-curso-de-teologia-da-faculdade-luterana-concordia\/#primaryimage\"},\"image\":{\"@id\":\"https:\/\/faculdadeluteranaconcordia.com.br\/site\/2026\/03\/11\/formacao-docente-do-curso-de-teologia-da-faculdade-luterana-concordia\/#primaryimage\"},\"thumbnailUrl\":\"https:\/\/faculdadeluteranaconcordia.com.br\/site\/wp-content\/uploads\/2026\/03\/WhatsApp-Image-2026-03-10-at-10.49.19.jpeg\",\"datePublished\":\"2026-03-11T22:09:49+00:00\",\"dateModified\":\"2026-03-11T22:13:06+00:00\",\"breadcrumb\":{\"@id\":\"https:\/\/faculdadeluteranaconcordia.com.br\/site\/2026\/03\/11\/formacao-docente-do-curso-de-teologia-da-faculdade-luterana-concordia\/#breadcrumb\"},\"inLanguage\":\"pt-PT\",\"potentialAction\":[{\"@type\":\"ReadAction\",\"target\":[\"https:\/\/faculdadeluteranaconcordia.com.br\/site\/2026\/03\/11\/formacao-docente-do-curso-de-teologia-da-faculdade-luterana-concordia\/\"]}]},{\"@type\":\"ImageObject\",\"inLanguage\":\"pt-PT\",\"@id\":\"https:\/\/faculdadeluteranaconcordia.com.br\/site\/2026\/03\/11\/formacao-docente-do-curso-de-teologia-da-faculdade-luterana-concordia\/#primaryimage\",\"url\":\"https:\/\/faculdadeluteranaconcordia.com.br\/site\/wp-content\/uploads\/2026\/03\/WhatsApp-Image-2026-03-10-at-10.49.19.jpeg\",\"contentUrl\":\"https:\/\/faculdadeluteranaconcordia.com.br\/site\/wp-content\/uploads\/2026\/03\/WhatsApp-Image-2026-03-10-at-10.49.19.jpeg\",\"width\":1600,\"height\":1200},{\"@type\":\"BreadcrumbList\",\"@id\":\"https:\/\/faculdadeluteranaconcordia.com.br\/site\/2026\/03\/11\/formacao-docente-do-curso-de-teologia-da-faculdade-luterana-concordia\/#breadcrumb\",\"itemListElement\":[{\"@type\":\"ListItem\",\"position\":1,\"name\":\"In\u00edcio\",\"item\":\"https:\/\/faculdadeluteranaconcordia.com.br\/site\/\"},{\"@type\":\"ListItem\",\"position\":2,\"name\":\"Forma\u00e7\u00e3o Docente do Curso de Teologia da Faculdade Luterana Conc\u00f3rdia.\"}]},{\"@type\":\"WebSite\",\"@id\":\"https:\/\/faculdadeluteranaconcordia.com.br\/site\/#website\",\"url\":\"https:\/\/faculdadeluteranaconcordia.com.br\/site\/\",\"name\":\"Faculdade Luterana Conc\u00f3rdia\",\"description\":\"Site Institucional da Faculdade Luterana\",\"publisher\":{\"@id\":\"https:\/\/faculdadeluteranaconcordia.com.br\/site\/#organization\"},\"potentialAction\":[{\"@type\":\"SearchAction\",\"target\":{\"@type\":\"EntryPoint\",\"urlTemplate\":\"https:\/\/faculdadeluteranaconcordia.com.br\/site\/?s={search_term_string}\"},\"query-input\":{\"@type\":\"PropertyValueSpecification\",\"valueRequired\":true,\"valueName\":\"search_term_string\"}}],\"inLanguage\":\"pt-PT\"},{\"@type\":\"Organization\",\"@id\":\"https:\/\/faculdadeluteranaconcordia.com.br\/site\/#organization\",\"name\":\"Faculdade Luterana Conc\u00f3rdia\",\"url\":\"https:\/\/faculdadeluteranaconcordia.com.br\/site\/\",\"logo\":{\"@type\":\"ImageObject\",\"inLanguage\":\"pt-PT\",\"@id\":\"https:\/\/faculdadeluteranaconcordia.com.br\/site\/#\/schema\/logo\/image\/\",\"url\":\"https:\/\/faculdadeluteranaconcordia.com.br\/site\/wp-content\/uploads\/2023\/04\/LOGO-NOVO-FACULDADE-1.webp\",\"contentUrl\":\"https:\/\/faculdadeluteranaconcordia.com.br\/site\/wp-content\/uploads\/2023\/04\/LOGO-NOVO-FACULDADE-1.webp\",\"width\":1200,\"height\":383,\"caption\":\"Faculdade Luterana Conc\u00f3rdia\"},\"image\":{\"@id\":\"https:\/\/faculdadeluteranaconcordia.com.br\/site\/#\/schema\/logo\/image\/\"}},{\"@type\":\"Person\",\"@id\":\"https:\/\/faculdadeluteranaconcordia.com.br\/site\/#\/schema\/person\/446eb8360fd0672de59d10fcf4e86b8b\",\"name\":\"Lutero\",\"image\":{\"@type\":\"ImageObject\",\"inLanguage\":\"pt-PT\",\"@id\":\"https:\/\/faculdadeluteranaconcordia.com.br\/site\/#\/schema\/person\/image\/\",\"url\":\"https:\/\/secure.gravatar.com\/avatar\/f9e9e74d472c59c248b987e4fc8ce3e120726df22bb88cf395458cb57b97359a?s=96&d=mm&r=g\",\"contentUrl\":\"https:\/\/secure.gravatar.com\/avatar\/f9e9e74d472c59c248b987e4fc8ce3e120726df22bb88cf395458cb57b97359a?s=96&d=mm&r=g\",\"caption\":\"Lutero\"},\"sameAs\":[\"https:\/\/faculdadeluteranaconcordia.com.br\/site\"],\"url\":\"https:\/\/faculdadeluteranaconcordia.com.br\/site\/author\/Lutero\/\"}]}<\/script>\n<!-- \/ Yoast SEO plugin. -->","yoast_head_json":{"title":"Forma\u00e7\u00e3o Docente do Curso de Teologia da Faculdade Luterana Conc\u00f3rdia. - Faculdade Luterana Conc\u00f3rdia","robots":{"index":"index","follow":"follow","max-snippet":"max-snippet:-1","max-image-preview":"max-image-preview:large","max-video-preview":"max-video-preview:-1"},"canonical":"https:\/\/faculdadeluteranaconcordia.com.br\/site\/2026\/03\/11\/formacao-docente-do-curso-de-teologia-da-faculdade-luterana-concordia\/","og_locale":"pt_PT","og_type":"article","og_title":"Forma\u00e7\u00e3o Docente do Curso de Teologia da Faculdade Luterana Conc\u00f3rdia. - Faculdade Luterana Conc\u00f3rdia","og_description":"Docentes do curso de Teologia da Faculdade Luterana Conc\u00f3rdia participam de forma\u00e7\u00e3o nos dias 11 e 12 de fevereiro.","og_url":"https:\/\/faculdadeluteranaconcordia.com.br\/site\/2026\/03\/11\/formacao-docente-do-curso-de-teologia-da-faculdade-luterana-concordia\/","og_site_name":"Faculdade Luterana Conc\u00f3rdia","article_published_time":"2026-03-11T22:09:49+00:00","article_modified_time":"2026-03-11T22:13:06+00:00","og_image":[{"width":1600,"height":1200,"url":"https:\/\/faculdadeluteranaconcordia.com.br\/site\/wp-content\/uploads\/2026\/03\/WhatsApp-Image-2026-03-10-at-10.49.19.jpeg","type":"image\/jpeg"}],"author":"Lutero","twitter_card":"summary_large_image","twitter_misc":{"Escrito por":"Lutero","Tempo estimado de leitura":"2 minutos"},"schema":{"@context":"https:\/\/schema.org","@graph":[{"@type":"Article","@id":"https:\/\/faculdadeluteranaconcordia.com.br\/site\/2026\/03\/11\/formacao-docente-do-curso-de-teologia-da-faculdade-luterana-concordia\/#article","isPartOf":{"@id":"https:\/\/faculdadeluteranaconcordia.com.br\/site\/2026\/03\/11\/formacao-docente-do-curso-de-teologia-da-faculdade-luterana-concordia\/"},"author":{"name":"Lutero","@id":"https:\/\/faculdadeluteranaconcordia.com.br\/site\/#\/schema\/person\/446eb8360fd0672de59d10fcf4e86b8b"},"headline":"Forma\u00e7\u00e3o Docente do Curso de Teologia da Faculdade Luterana Conc\u00f3rdia.","datePublished":"2026-03-11T22:09:49+00:00","dateModified":"2026-03-11T22:13:06+00:00","mainEntityOfPage":{"@id":"https:\/\/faculdadeluteranaconcordia.com.br\/site\/2026\/03\/11\/formacao-docente-do-curso-de-teologia-da-faculdade-luterana-concordia\/"},"wordCount":209,"publisher":{"@id":"https:\/\/faculdadeluteranaconcordia.com.br\/site\/#organization"},"image":{"@id":"https:\/\/faculdadeluteranaconcordia.com.br\/site\/2026\/03\/11\/formacao-docente-do-curso-de-teologia-da-faculdade-luterana-concordia\/#primaryimage"},"thumbnailUrl":"https:\/\/faculdadeluteranaconcordia.com.br\/site\/wp-content\/uploads\/2026\/03\/WhatsApp-Image-2026-03-10-at-10.49.19.jpeg","articleSection":["Not\u00edcia"],"inLanguage":"pt-PT"},{"@type":"WebPage","@id":"https:\/\/faculdadeluteranaconcordia.com.br\/site\/2026\/03\/11\/formacao-docente-do-curso-de-teologia-da-faculdade-luterana-concordia\/","url":"https:\/\/faculdadeluteranaconcordia.com.br\/site\/2026\/03\/11\/formacao-docente-do-curso-de-teologia-da-faculdade-luterana-concordia\/","name":"Forma\u00e7\u00e3o Docente do Curso de Teologia da Faculdade Luterana Conc\u00f3rdia. - Faculdade Luterana Conc\u00f3rdia","isPartOf":{"@id":"https:\/\/faculdadeluteranaconcordia.com.br\/site\/#website"},"primaryImageOfPage":{"@id":"https:\/\/faculdadeluteranaconcordia.com.br\/site\/2026\/03\/11\/formacao-docente-do-curso-de-teologia-da-faculdade-luterana-concordia\/#primaryimage"},"image":{"@id":"https:\/\/faculdadeluteranaconcordia.com.br\/site\/2026\/03\/11\/formacao-docente-do-curso-de-teologia-da-faculdade-luterana-concordia\/#primaryimage"},"thumbnailUrl":"https:\/\/faculdadeluteranaconcordia.com.br\/site\/wp-content\/uploads\/2026\/03\/WhatsApp-Image-2026-03-10-at-10.49.19.jpeg","datePublished":"2026-03-11T22:09:49+00:00","dateModified":"2026-03-11T22:13:06+00:00","breadcrumb":{"@id":"https:\/\/faculdadeluteranaconcordia.com.br\/site\/2026\/03\/11\/formacao-docente-do-curso-de-teologia-da-faculdade-luterana-concordia\/#breadcrumb"},"inLanguage":"pt-PT","potentialAction":[{"@type":"ReadAction","target":["https:\/\/faculdadeluteranaconcordia.com.br\/site\/2026\/03\/11\/formacao-docente-do-curso-de-teologia-da-faculdade-luterana-concordia\/"]}]},{"@type":"ImageObject","inLanguage":"pt-PT","@id":"https:\/\/faculdadeluteranaconcordia.com.br\/site\/2026\/03\/11\/formacao-docente-do-curso-de-teologia-da-faculdade-luterana-concordia\/#primaryimage","url":"https:\/\/faculdadeluteranaconcordia.com.br\/site\/wp-content\/uploads\/2026\/03\/WhatsApp-Image-2026-03-10-at-10.49.19.jpeg","contentUrl":"https:\/\/faculdadeluteranaconcordia.com.br\/site\/wp-content\/uploads\/2026\/03\/WhatsApp-Image-2026-03-10-at-10.49.19.jpeg","width":1600,"height":1200},{"@type":"BreadcrumbList","@id":"https:\/\/faculdadeluteranaconcordia.com.br\/site\/2026\/03\/11\/formacao-docente-do-curso-de-teologia-da-faculdade-luterana-concordia\/#breadcrumb","itemListElement":[{"@type":"ListItem","position":1,"name":"In\u00edcio","item":"https:\/\/faculdadeluteranaconcordia.com.br\/site\/"},{"@type":"ListItem","position":2,"name":"Forma\u00e7\u00e3o Docente do Curso de Teologia da Faculdade Luterana Conc\u00f3rdia."}]},{"@type":"WebSite","@id":"https:\/\/faculdadeluteranaconcordia.com.br\/site\/#website","url":"https:\/\/faculdadeluteranaconcordia.com.br\/site\/","name":"Faculdade Luterana Conc\u00f3rdia","description":"Site Institucional da Faculdade Luterana","publisher":{"@id":"https:\/\/faculdadeluteranaconcordia.com.br\/site\/#organization"},"potentialAction":[{"@type":"SearchAction","target":{"@type":"EntryPoint","urlTemplate":"https:\/\/faculdadeluteranaconcordia.com.br\/site\/?s={search_term_string}"},"query-input":{"@type":"PropertyValueSpecification","valueRequired":true,"valueName":"search_term_string"}}],"inLanguage":"pt-PT"},{"@type":"Organization","@id":"https:\/\/faculdadeluteranaconcordia.com.br\/site\/#organization","name":"Faculdade Luterana Conc\u00f3rdia","url":"https:\/\/faculdadeluteranaconcordia.com.br\/site\/","logo":{"@type":"ImageObject","inLanguage":"pt-PT","@id":"https:\/\/faculdadeluteranaconcordia.com.br\/site\/#\/schema\/logo\/image\/","url":"https:\/\/faculdadeluteranaconcordia.com.br\/site\/wp-content\/uploads\/2023\/04\/LOGO-NOVO-FACULDADE-1.webp","contentUrl":"https:\/\/faculdadeluteranaconcordia.com.br\/site\/wp-content\/uploads\/2023\/04\/LOGO-NOVO-FACULDADE-1.webp","width":1200,"height":383,"caption":"Faculdade Luterana Conc\u00f3rdia"},"image":{"@id":"https:\/\/faculdadeluteranaconcordia.com.br\/site\/#\/schema\/logo\/image\/"}},{"@type":"Person","@id":"https:\/\/faculdadeluteranaconcordia.com.br\/site\/#\/schema\/person\/446eb8360fd0672de59d10fcf4e86b8b","name":"Lutero","image":{"@type":"ImageObject","inLanguage":"pt-PT","@id":"https:\/\/faculdadeluteranaconcordia.com.br\/site\/#\/schema\/person\/image\/","url":"https:\/\/secure.gravatar.com\/avatar\/f9e9e74d472c59c248b987e4fc8ce3e120726df22bb88cf395458cb57b97359a?s=96&d=mm&r=g","contentUrl":"https:\/\/secure.gravatar.com\/avatar\/f9e9e74d472c59c248b987e4fc8ce3e120726df22bb88cf395458cb57b97359a?s=96&d=mm&r=g","caption":"Lutero"},"sameAs":["https:\/\/faculdadeluteranaconcordia.com.br\/site"],"url":"https:\/\/faculdadeluteranaconcordia.com.br\/site\/author\/Lutero\/"}]}},"_links":{"self":[{"href":"https:\/\/faculdadeluteranaconcordia.com.br\/site\/wp-json\/wp\/v2\/posts\/3047","targetHints":{"allow":["GET"]}}],"collection":[{"href":"https:\/\/faculdadeluteranaconcordia.com.br\/site\/wp-json\/wp\/v2\/posts"}],"about":[{"href":"https:\/\/faculdadeluteranaconcordia.com.br\/site\/wp-json\/wp\/v2\/types\/post"}],"author":[{"embeddable":true,"href":"https:\/\/faculdadeluteranaconcordia.com.br\/site\/wp-json\/wp\/v2\/users\/1"}],"replies":[{"embeddable":true,"href":"https:\/\/faculdadeluteranaconcordia.com.br\/site\/wp-json\/wp\/v2\/comments?post=3047"}],"version-history":[{"count":9,"href":"https:\/\/faculdadeluteranaconcordia.com.br\/site\/wp-json\/wp\/v2\/posts\/3047\/revisions"}],"predecessor-version":[{"id":3058,"href":"https:\/\/faculdadeluteranaconcordia.com.br\/site\/wp-json\/wp\/v2\/posts\/3047\/revisions\/3058"}],"wp:featuredmedia":[{"embeddable":true,"href":"https:\/\/faculdadeluteranaconcordia.com.br\/site\/wp-json\/wp\/v2\/media\/3048"}],"wp:attachment":[{"href":"https:\/\/faculdadeluteranaconcordia.com.br\/site\/wp-json\/wp\/v2\/media?parent=3047"}],"wp:term":[{"taxonomy":"category","embeddable":true,"href":"https:\/\/faculdadeluteranaconcordia.com.br\/site\/wp-json\/wp\/v2\/categories?post=3047"},{"taxonomy":"post_tag","embeddable":true,"href":"https:\/\/faculdadeluteranaconcordia.com.br\/site\/wp-json\/wp\/v2\/tags?post=3047"}],"curies":[{"name":"wp","href":"https:\/\/api.w.org\/{rel}","templated":true}]}}