{"id":3063,"date":"2026-03-12T01:20:20","date_gmt":"2026-03-12T01:20:20","guid":{"rendered":"https:\/\/faculdadeluteranaconcordia.com.br\/site\/?p=3063"},"modified":"2026-03-12T01:24:55","modified_gmt":"2026-03-12T01:24:55","slug":"curso-de-teologia-da-faculdade-luterana-realiza-processo-seletivo","status":"publish","type":"post","link":"https:\/\/faculdadeluteranaconcordia.com.br\/site\/2026\/03\/12\/curso-de-teologia-da-faculdade-luterana-realiza-processo-seletivo\/","title":{"rendered":"Curso de Teologia da Faculdade Luterana realiza processo seletivo"},"content":{"rendered":"\t\t<div data-elementor-type=\"wp-post\" data-elementor-id=\"3063\" class=\"elementor elementor-3063\" data-elementor-post-type=\"post\">\n\t\t\t\t\t\t\t\t\t<section class=\"elementor-section elementor-top-section elementor-element elementor-element-94f32de elementor-section-boxed elementor-section-height-default elementor-section-height-default\" data-id=\"94f32de\" data-element_type=\"section\">\n\t\t\t\t\t\t<div class=\"elementor-container elementor-column-gap-default\">\n\t\t\t\t\t<div class=\"elementor-column elementor-col-100 elementor-top-column elementor-element elementor-element-811c11c\" data-id=\"811c11c\" data-element_type=\"column\">\n\t\t\t<div class=\"elementor-widget-wrap elementor-element-populated\">\n\t\t\t\t\t\t\t\t<div class=\"elementor-element elementor-element-1af1bfa elementor-widget elementor-widget-text-editor\" data-id=\"1af1bfa\" data-element_type=\"widget\" data-widget_type=\"text-editor.default\">\n\t\t\t\t<div class=\"elementor-widget-container\">\n\t\t\t<style>\/*! elementor - v3.14.0 - 26-06-2023 *\/\n.elementor-widget-text-editor.elementor-drop-cap-view-stacked .elementor-drop-cap{background-color:#69727d;color:#fff}.elementor-widget-text-editor.elementor-drop-cap-view-framed .elementor-drop-cap{color:#69727d;border:3px solid;background-color:transparent}.elementor-widget-text-editor:not(.elementor-drop-cap-view-default) .elementor-drop-cap{margin-top:8px}.elementor-widget-text-editor:not(.elementor-drop-cap-view-default) .elementor-drop-cap-letter{width:1em;height:1em}.elementor-widget-text-editor .elementor-drop-cap{float:left;text-align:center;line-height:1;font-size:50px}.elementor-widget-text-editor .elementor-drop-cap-letter{display:inline-block}<\/style>\t\t\t\t<p>A Proposta de reda\u00e7\u00e3o teve como tema: A f\u00e9 como fundamento da esperan\u00e7a em tempos de crise.\u00a0<\/p><p>Tr\u00eas textos orientaram os candidatos no percurso de escrita:<\/p><ol><li>O primeiro: \u201c<i><b>A f\u00e9 \u00e9 o firme fundamento das coisas que se esperam, e a prova das coisas que n\u00e3o se veem\u201d<\/b> (Hebreus 11.1)\u00a0<\/i><b>\u00a0<\/b><\/li><li>O segundo texto \u00e9 uma adapta\u00e7\u00e3o. <i><b>\u201cEm um mundo marcado por guerras, desigualdades, crises ambientais e inseguran\u00e7a emocional, a f\u00e9 continua sendo um elemento essencial para a sobreviv\u00eancia espiritual e social da humanidade. Ela n\u00e3o elimina as dificuldades, mas oferece uma nova maneira de interpret\u00e1-las e enfrent\u00e1-las.\u201d<\/b>\u00a0<\/i><\/li><li>E o terceiro texto \u00e9 do Papa Francisco. Em 27 de mar\u00e7o de 2020, no in\u00edcio da pandemia de Covid-19, Francisco fez uma de suas homilias mais populares durante seus 12 anos de papado, em uma cerim\u00f4nia que realizou sozinho na imensa e vazia Pra\u00e7a S\u00e3o Pedro.\u00a0 <br \/>Ele relembrou uma passagem bastante conhecida da B\u00edblia, em que os disc\u00edpulos de Jesus se assustam com uma tempestade no mar enquanto o l\u00edder dormia. Antes de acalmar a tempestade, Jesus questiona: <i><b>&#8220;por que temeis, homens de pouca f\u00e9?&#8221;.\u00a0<br \/><\/b><\/i><i style=\"font-size: 1rem;\"><b>&#8220;A f\u00e9 come\u00e7a quando nos damos conta de que precisamos de salva\u00e7\u00e3o. N\u00e3o somos autossuficientes; sozinhos, afundamos: precisamos do Senhor, como os antigos navegadores precisavam das estrelas&#8221;, disse Francisco (REDA\u00c7\u00c3O G1. Papa Francisco: relembre frases marcantes do pont\u00edfice. 21 abr. 2025. Dispon\u00edvel em: https:\/\/g1.globo.com. Acesso em: 19 nov. 2025).<\/b><\/i><\/li><\/ol>\t\t\t\t\t\t<\/div>\n\t\t\t\t<\/div>\n\t\t\t\t\t<\/div>\n\t\t<\/div>\n\t\t\t\t\t\t\t<\/div>\n\t\t<\/section>\n\t\t\t\t<section class=\"elementor-section elementor-top-section elementor-element elementor-element-619786b elementor-section-boxed elementor-section-height-default elementor-section-height-default\" data-id=\"619786b\" data-element_type=\"section\">\n\t\t\t\t\t\t<div class=\"elementor-container elementor-column-gap-default\">\n\t\t\t\t\t<div class=\"elementor-column elementor-col-66 elementor-top-column elementor-element elementor-element-806adfc\" data-id=\"806adfc\" data-element_type=\"column\">\n\t\t\t<div class=\"elementor-widget-wrap elementor-element-populated\">\n\t\t\t\t\t\t\t\t<div class=\"elementor-element elementor-element-0043728 elementor-widget elementor-widget-spacer\" data-id=\"0043728\" data-element_type=\"widget\" data-widget_type=\"spacer.default\">\n\t\t\t\t<div class=\"elementor-widget-container\">\n\t\t\t<style>\/*! elementor - v3.14.0 - 26-06-2023 *\/\n.elementor-column .elementor-spacer-inner{height:var(--spacer-size)}.e-con{--container-widget-width:100%}.e-con-inner>.elementor-widget-spacer,.e-con>.elementor-widget-spacer{width:var(--container-widget-width,var(--spacer-size));--align-self:var(--container-widget-align-self,initial);--flex-shrink:0}.e-con-inner>.elementor-widget-spacer>.elementor-widget-container,.e-con-inner>.elementor-widget-spacer>.elementor-widget-container>.elementor-spacer,.e-con>.elementor-widget-spacer>.elementor-widget-container,.e-con>.elementor-widget-spacer>.elementor-widget-container>.elementor-spacer{height:100%}.e-con-inner>.elementor-widget-spacer>.elementor-widget-container>.elementor-spacer>.elementor-spacer-inner,.e-con>.elementor-widget-spacer>.elementor-widget-container>.elementor-spacer>.elementor-spacer-inner{height:var(--container-widget-height,var(--spacer-size))}<\/style>\t\t<div class=\"elementor-spacer\">\n\t\t\t<div class=\"elementor-spacer-inner\"><\/div>\n\t\t<\/div>\n\t\t\t\t<\/div>\n\t\t\t\t<\/div>\n\t\t\t\t<div class=\"elementor-element elementor-element-3e799a2 elementor-widget__width-initial elementor-widget elementor-widget-image\" data-id=\"3e799a2\" data-element_type=\"widget\" data-widget_type=\"image.default\">\n\t\t\t\t<div class=\"elementor-widget-container\">\n\t\t\t<style>\/*! elementor - v3.14.0 - 26-06-2023 *\/\n.elementor-widget-image{text-align:center}.elementor-widget-image a{display:inline-block}.elementor-widget-image a img[src$=\".svg\"]{width:48px}.elementor-widget-image img{vertical-align:middle;display:inline-block}<\/style>\t\t\t\t\t\t\t\t\t\t\t\t<img loading=\"lazy\" decoding=\"async\" width=\"800\" height=\"489\" src=\"https:\/\/faculdadeluteranaconcordia.com.br\/site\/wp-content\/uploads\/2026\/03\/alunos-1024x626.jpg\" class=\"attachment-large size-large wp-image-3064\" alt=\"\" srcset=\"https:\/\/faculdadeluteranaconcordia.com.br\/site\/wp-content\/uploads\/2026\/03\/alunos-1024x626.jpg 1024w, https:\/\/faculdadeluteranaconcordia.com.br\/site\/wp-content\/uploads\/2026\/03\/alunos-300x183.jpg 300w, https:\/\/faculdadeluteranaconcordia.com.br\/site\/wp-content\/uploads\/2026\/03\/alunos-768x470.jpg 768w, https:\/\/faculdadeluteranaconcordia.com.br\/site\/wp-content\/uploads\/2026\/03\/alunos.jpg 1333w\" sizes=\"auto, (max-width: 800px) 100vw, 800px\" \/>\t\t\t\t\t\t\t\t\t\t\t\t\t\t\t<\/div>\n\t\t\t\t<\/div>\n\t\t\t\t\t<\/div>\n\t\t<\/div>\n\t\t\t\t<div class=\"elementor-column elementor-col-33 elementor-top-column elementor-element elementor-element-8019a8a\" data-id=\"8019a8a\" data-element_type=\"column\">\n\t\t\t<div class=\"elementor-widget-wrap elementor-element-populated\">\n\t\t\t\t\t\t\t\t<div class=\"elementor-element elementor-element-f2f6c69 elementor-widget elementor-widget-text-editor\" data-id=\"f2f6c69\" data-element_type=\"widget\" data-widget_type=\"text-editor.default\">\n\t\t\t\t<div class=\"elementor-widget-container\">\n\t\t\t\t\t\t\t<p>Ao todo 21 candidatos prestaram o vestibular e todos obtiveram aprova\u00e7\u00e3o. A Comiss\u00e3o de Vestibular do Curso de Teologia da Faculdade Luterana Conc\u00f3rdia, formada pelo professor Anselmo Graff, professora Carla Rosana de Azevedo e pela secret\u00e1ria acad\u00eamica e procuradora institucional, Ivete Schwantes, julgou como positivo todo o processo seletivo de 2026.<\/p>\t\t\t\t\t\t<\/div>\n\t\t\t\t<\/div>\n\t\t\t\t\t<\/div>\n\t\t<\/div>\n\t\t\t\t\t\t\t<\/div>\n\t\t<\/section>\n\t\t\t\t\t\t\t<\/div>\n\t\t","protected":false},"excerpt":{"rendered":"<p>No dia 19 de fevereiro, no campus do Semin\u00e1rio Conc\u00f3rdia e Faculdade Luterana Conc\u00f3rdia, 21 candidatos participaram do processo seletivo para o Curso de Teologia.<\/p>\n","protected":false},"author":1,"featured_media":3064,"comment_status":"open","ping_status":"open","sticky":false,"template":"","format":"standard","meta":{"_acf_changed":false,"footnotes":""},"categories":[1],"tags":[],"class_list":["post-3063","post","type-post","status-publish","format-standard","has-post-thumbnail","hentry","category-uncategorized"],"acf":[],"yoast_head":"<!-- This site is optimized with the Yoast SEO plugin v25.3.1 - https:\/\/yoast.com\/wordpress\/plugins\/seo\/ -->\n<title>Curso de Teologia da Faculdade Luterana realiza processo seletivo - Faculdade Luterana Conc\u00f3rdia<\/title>\n<meta name=\"robots\" content=\"index, follow, max-snippet:-1, max-image-preview:large, max-video-preview:-1\" \/>\n<link rel=\"canonical\" href=\"https:\/\/faculdadeluteranaconcordia.com.br\/site\/2026\/03\/12\/curso-de-teologia-da-faculdade-luterana-realiza-processo-seletivo\/\" \/>\n<meta property=\"og:locale\" content=\"pt_PT\" \/>\n<meta property=\"og:type\" content=\"article\" \/>\n<meta property=\"og:title\" content=\"Curso de Teologia da Faculdade Luterana realiza processo seletivo - Faculdade Luterana Conc\u00f3rdia\" \/>\n<meta property=\"og:description\" content=\"No dia 19 de fevereiro, no campus do Semin\u00e1rio Conc\u00f3rdia e Faculdade Luterana Conc\u00f3rdia, 21 candidatos participaram do processo seletivo para o Curso de Teologia.\" \/>\n<meta property=\"og:url\" content=\"https:\/\/faculdadeluteranaconcordia.com.br\/site\/2026\/03\/12\/curso-de-teologia-da-faculdade-luterana-realiza-processo-seletivo\/\" \/>\n<meta property=\"og:site_name\" content=\"Faculdade Luterana Conc\u00f3rdia\" \/>\n<meta property=\"article:published_time\" content=\"2026-03-12T01:20:20+00:00\" \/>\n<meta property=\"article:modified_time\" content=\"2026-03-12T01:24:55+00:00\" \/>\n<meta property=\"og:image\" content=\"https:\/\/faculdadeluteranaconcordia.com.br\/site\/wp-content\/uploads\/2026\/03\/alunos.jpg\" \/>\n\t<meta property=\"og:image:width\" content=\"1333\" \/>\n\t<meta property=\"og:image:height\" content=\"815\" \/>\n\t<meta property=\"og:image:type\" content=\"image\/jpeg\" \/>\n<meta name=\"author\" content=\"Lutero\" \/>\n<meta name=\"twitter:card\" content=\"summary_large_image\" \/>\n<meta name=\"twitter:label1\" content=\"Escrito por\" \/>\n\t<meta name=\"twitter:data1\" content=\"Lutero\" \/>\n\t<meta name=\"twitter:label2\" content=\"Tempo estimado de leitura\" \/>\n\t<meta name=\"twitter:data2\" content=\"2 minutos\" \/>\n<script type=\"application\/ld+json\" class=\"yoast-schema-graph\">{\"@context\":\"https:\/\/schema.org\",\"@graph\":[{\"@type\":\"Article\",\"@id\":\"https:\/\/faculdadeluteranaconcordia.com.br\/site\/2026\/03\/12\/curso-de-teologia-da-faculdade-luterana-realiza-processo-seletivo\/#article\",\"isPartOf\":{\"@id\":\"https:\/\/faculdadeluteranaconcordia.com.br\/site\/2026\/03\/12\/curso-de-teologia-da-faculdade-luterana-realiza-processo-seletivo\/\"},\"author\":{\"name\":\"Lutero\",\"@id\":\"https:\/\/faculdadeluteranaconcordia.com.br\/site\/#\/schema\/person\/446eb8360fd0672de59d10fcf4e86b8b\"},\"headline\":\"Curso de Teologia da Faculdade Luterana realiza processo seletivo\",\"datePublished\":\"2026-03-12T01:20:20+00:00\",\"dateModified\":\"2026-03-12T01:24:55+00:00\",\"mainEntityOfPage\":{\"@id\":\"https:\/\/faculdadeluteranaconcordia.com.br\/site\/2026\/03\/12\/curso-de-teologia-da-faculdade-luterana-realiza-processo-seletivo\/\"},\"wordCount\":311,\"commentCount\":0,\"publisher\":{\"@id\":\"https:\/\/faculdadeluteranaconcordia.com.br\/site\/#organization\"},\"image\":{\"@id\":\"https:\/\/faculdadeluteranaconcordia.com.br\/site\/2026\/03\/12\/curso-de-teologia-da-faculdade-luterana-realiza-processo-seletivo\/#primaryimage\"},\"thumbnailUrl\":\"https:\/\/faculdadeluteranaconcordia.com.br\/site\/wp-content\/uploads\/2026\/03\/alunos.jpg\",\"articleSection\":[\"Not\u00edcia\"],\"inLanguage\":\"pt-PT\",\"potentialAction\":[{\"@type\":\"CommentAction\",\"name\":\"Comment\",\"target\":[\"https:\/\/faculdadeluteranaconcordia.com.br\/site\/2026\/03\/12\/curso-de-teologia-da-faculdade-luterana-realiza-processo-seletivo\/#respond\"]}]},{\"@type\":\"WebPage\",\"@id\":\"https:\/\/faculdadeluteranaconcordia.com.br\/site\/2026\/03\/12\/curso-de-teologia-da-faculdade-luterana-realiza-processo-seletivo\/\",\"url\":\"https:\/\/faculdadeluteranaconcordia.com.br\/site\/2026\/03\/12\/curso-de-teologia-da-faculdade-luterana-realiza-processo-seletivo\/\",\"name\":\"Curso de Teologia da Faculdade Luterana realiza processo seletivo - Faculdade Luterana Conc\u00f3rdia\",\"isPartOf\":{\"@id\":\"https:\/\/faculdadeluteranaconcordia.com.br\/site\/#website\"},\"primaryImageOfPage\":{\"@id\":\"https:\/\/faculdadeluteranaconcordia.com.br\/site\/2026\/03\/12\/curso-de-teologia-da-faculdade-luterana-realiza-processo-seletivo\/#primaryimage\"},\"image\":{\"@id\":\"https:\/\/faculdadeluteranaconcordia.com.br\/site\/2026\/03\/12\/curso-de-teologia-da-faculdade-luterana-realiza-processo-seletivo\/#primaryimage\"},\"thumbnailUrl\":\"https:\/\/faculdadeluteranaconcordia.com.br\/site\/wp-content\/uploads\/2026\/03\/alunos.jpg\",\"datePublished\":\"2026-03-12T01:20:20+00:00\",\"dateModified\":\"2026-03-12T01:24:55+00:00\",\"breadcrumb\":{\"@id\":\"https:\/\/faculdadeluteranaconcordia.com.br\/site\/2026\/03\/12\/curso-de-teologia-da-faculdade-luterana-realiza-processo-seletivo\/#breadcrumb\"},\"inLanguage\":\"pt-PT\",\"potentialAction\":[{\"@type\":\"ReadAction\",\"target\":[\"https:\/\/faculdadeluteranaconcordia.com.br\/site\/2026\/03\/12\/curso-de-teologia-da-faculdade-luterana-realiza-processo-seletivo\/\"]}]},{\"@type\":\"ImageObject\",\"inLanguage\":\"pt-PT\",\"@id\":\"https:\/\/faculdadeluteranaconcordia.com.br\/site\/2026\/03\/12\/curso-de-teologia-da-faculdade-luterana-realiza-processo-seletivo\/#primaryimage\",\"url\":\"https:\/\/faculdadeluteranaconcordia.com.br\/site\/wp-content\/uploads\/2026\/03\/alunos.jpg\",\"contentUrl\":\"https:\/\/faculdadeluteranaconcordia.com.br\/site\/wp-content\/uploads\/2026\/03\/alunos.jpg\",\"width\":1333,\"height\":815},{\"@type\":\"BreadcrumbList\",\"@id\":\"https:\/\/faculdadeluteranaconcordia.com.br\/site\/2026\/03\/12\/curso-de-teologia-da-faculdade-luterana-realiza-processo-seletivo\/#breadcrumb\",\"itemListElement\":[{\"@type\":\"ListItem\",\"position\":1,\"name\":\"In\u00edcio\",\"item\":\"https:\/\/faculdadeluteranaconcordia.com.br\/site\/\"},{\"@type\":\"ListItem\",\"position\":2,\"name\":\"Curso de Teologia da Faculdade Luterana realiza processo seletivo\"}]},{\"@type\":\"WebSite\",\"@id\":\"https:\/\/faculdadeluteranaconcordia.com.br\/site\/#website\",\"url\":\"https:\/\/faculdadeluteranaconcordia.com.br\/site\/\",\"name\":\"Faculdade Luterana Conc\u00f3rdia\",\"description\":\"Site Institucional da Faculdade Luterana\",\"publisher\":{\"@id\":\"https:\/\/faculdadeluteranaconcordia.com.br\/site\/#organization\"},\"potentialAction\":[{\"@type\":\"SearchAction\",\"target\":{\"@type\":\"EntryPoint\",\"urlTemplate\":\"https:\/\/faculdadeluteranaconcordia.com.br\/site\/?s={search_term_string}\"},\"query-input\":{\"@type\":\"PropertyValueSpecification\",\"valueRequired\":true,\"valueName\":\"search_term_string\"}}],\"inLanguage\":\"pt-PT\"},{\"@type\":\"Organization\",\"@id\":\"https:\/\/faculdadeluteranaconcordia.com.br\/site\/#organization\",\"name\":\"Faculdade Luterana Conc\u00f3rdia\",\"url\":\"https:\/\/faculdadeluteranaconcordia.com.br\/site\/\",\"logo\":{\"@type\":\"ImageObject\",\"inLanguage\":\"pt-PT\",\"@id\":\"https:\/\/faculdadeluteranaconcordia.com.br\/site\/#\/schema\/logo\/image\/\",\"url\":\"https:\/\/faculdadeluteranaconcordia.com.br\/site\/wp-content\/uploads\/2023\/04\/LOGO-NOVO-FACULDADE-1.webp\",\"contentUrl\":\"https:\/\/faculdadeluteranaconcordia.com.br\/site\/wp-content\/uploads\/2023\/04\/LOGO-NOVO-FACULDADE-1.webp\",\"width\":1200,\"height\":383,\"caption\":\"Faculdade Luterana Conc\u00f3rdia\"},\"image\":{\"@id\":\"https:\/\/faculdadeluteranaconcordia.com.br\/site\/#\/schema\/logo\/image\/\"}},{\"@type\":\"Person\",\"@id\":\"https:\/\/faculdadeluteranaconcordia.com.br\/site\/#\/schema\/person\/446eb8360fd0672de59d10fcf4e86b8b\",\"name\":\"Lutero\",\"image\":{\"@type\":\"ImageObject\",\"inLanguage\":\"pt-PT\",\"@id\":\"https:\/\/faculdadeluteranaconcordia.com.br\/site\/#\/schema\/person\/image\/\",\"url\":\"https:\/\/secure.gravatar.com\/avatar\/f9e9e74d472c59c248b987e4fc8ce3e120726df22bb88cf395458cb57b97359a?s=96&d=mm&r=g\",\"contentUrl\":\"https:\/\/secure.gravatar.com\/avatar\/f9e9e74d472c59c248b987e4fc8ce3e120726df22bb88cf395458cb57b97359a?s=96&d=mm&r=g\",\"caption\":\"Lutero\"},\"sameAs\":[\"https:\/\/faculdadeluteranaconcordia.com.br\/site\"],\"url\":\"https:\/\/faculdadeluteranaconcordia.com.br\/site\/author\/Lutero\/\"}]}<\/script>\n<!-- \/ Yoast SEO plugin. -->","yoast_head_json":{"title":"Curso de Teologia da Faculdade Luterana realiza processo seletivo - Faculdade Luterana Conc\u00f3rdia","robots":{"index":"index","follow":"follow","max-snippet":"max-snippet:-1","max-image-preview":"max-image-preview:large","max-video-preview":"max-video-preview:-1"},"canonical":"https:\/\/faculdadeluteranaconcordia.com.br\/site\/2026\/03\/12\/curso-de-teologia-da-faculdade-luterana-realiza-processo-seletivo\/","og_locale":"pt_PT","og_type":"article","og_title":"Curso de Teologia da Faculdade Luterana realiza processo seletivo - Faculdade Luterana Conc\u00f3rdia","og_description":"No dia 19 de fevereiro, no campus do Semin\u00e1rio Conc\u00f3rdia e Faculdade Luterana Conc\u00f3rdia, 21 candidatos participaram do processo seletivo para o Curso de Teologia.","og_url":"https:\/\/faculdadeluteranaconcordia.com.br\/site\/2026\/03\/12\/curso-de-teologia-da-faculdade-luterana-realiza-processo-seletivo\/","og_site_name":"Faculdade Luterana Conc\u00f3rdia","article_published_time":"2026-03-12T01:20:20+00:00","article_modified_time":"2026-03-12T01:24:55+00:00","og_image":[{"width":1333,"height":815,"url":"https:\/\/faculdadeluteranaconcordia.com.br\/site\/wp-content\/uploads\/2026\/03\/alunos.jpg","type":"image\/jpeg"}],"author":"Lutero","twitter_card":"summary_large_image","twitter_misc":{"Escrito por":"Lutero","Tempo estimado de leitura":"2 minutos"},"schema":{"@context":"https:\/\/schema.org","@graph":[{"@type":"Article","@id":"https:\/\/faculdadeluteranaconcordia.com.br\/site\/2026\/03\/12\/curso-de-teologia-da-faculdade-luterana-realiza-processo-seletivo\/#article","isPartOf":{"@id":"https:\/\/faculdadeluteranaconcordia.com.br\/site\/2026\/03\/12\/curso-de-teologia-da-faculdade-luterana-realiza-processo-seletivo\/"},"author":{"name":"Lutero","@id":"https:\/\/faculdadeluteranaconcordia.com.br\/site\/#\/schema\/person\/446eb8360fd0672de59d10fcf4e86b8b"},"headline":"Curso de Teologia da Faculdade Luterana realiza processo seletivo","datePublished":"2026-03-12T01:20:20+00:00","dateModified":"2026-03-12T01:24:55+00:00","mainEntityOfPage":{"@id":"https:\/\/faculdadeluteranaconcordia.com.br\/site\/2026\/03\/12\/curso-de-teologia-da-faculdade-luterana-realiza-processo-seletivo\/"},"wordCount":311,"commentCount":0,"publisher":{"@id":"https:\/\/faculdadeluteranaconcordia.com.br\/site\/#organization"},"image":{"@id":"https:\/\/faculdadeluteranaconcordia.com.br\/site\/2026\/03\/12\/curso-de-teologia-da-faculdade-luterana-realiza-processo-seletivo\/#primaryimage"},"thumbnailUrl":"https:\/\/faculdadeluteranaconcordia.com.br\/site\/wp-content\/uploads\/2026\/03\/alunos.jpg","articleSection":["Not\u00edcia"],"inLanguage":"pt-PT","potentialAction":[{"@type":"CommentAction","name":"Comment","target":["https:\/\/faculdadeluteranaconcordia.com.br\/site\/2026\/03\/12\/curso-de-teologia-da-faculdade-luterana-realiza-processo-seletivo\/#respond"]}]},{"@type":"WebPage","@id":"https:\/\/faculdadeluteranaconcordia.com.br\/site\/2026\/03\/12\/curso-de-teologia-da-faculdade-luterana-realiza-processo-seletivo\/","url":"https:\/\/faculdadeluteranaconcordia.com.br\/site\/2026\/03\/12\/curso-de-teologia-da-faculdade-luterana-realiza-processo-seletivo\/","name":"Curso de Teologia da Faculdade Luterana realiza processo seletivo - Faculdade Luterana Conc\u00f3rdia","isPartOf":{"@id":"https:\/\/faculdadeluteranaconcordia.com.br\/site\/#website"},"primaryImageOfPage":{"@id":"https:\/\/faculdadeluteranaconcordia.com.br\/site\/2026\/03\/12\/curso-de-teologia-da-faculdade-luterana-realiza-processo-seletivo\/#primaryimage"},"image":{"@id":"https:\/\/faculdadeluteranaconcordia.com.br\/site\/2026\/03\/12\/curso-de-teologia-da-faculdade-luterana-realiza-processo-seletivo\/#primaryimage"},"thumbnailUrl":"https:\/\/faculdadeluteranaconcordia.com.br\/site\/wp-content\/uploads\/2026\/03\/alunos.jpg","datePublished":"2026-03-12T01:20:20+00:00","dateModified":"2026-03-12T01:24:55+00:00","breadcrumb":{"@id":"https:\/\/faculdadeluteranaconcordia.com.br\/site\/2026\/03\/12\/curso-de-teologia-da-faculdade-luterana-realiza-processo-seletivo\/#breadcrumb"},"inLanguage":"pt-PT","potentialAction":[{"@type":"ReadAction","target":["https:\/\/faculdadeluteranaconcordia.com.br\/site\/2026\/03\/12\/curso-de-teologia-da-faculdade-luterana-realiza-processo-seletivo\/"]}]},{"@type":"ImageObject","inLanguage":"pt-PT","@id":"https:\/\/faculdadeluteranaconcordia.com.br\/site\/2026\/03\/12\/curso-de-teologia-da-faculdade-luterana-realiza-processo-seletivo\/#primaryimage","url":"https:\/\/faculdadeluteranaconcordia.com.br\/site\/wp-content\/uploads\/2026\/03\/alunos.jpg","contentUrl":"https:\/\/faculdadeluteranaconcordia.com.br\/site\/wp-content\/uploads\/2026\/03\/alunos.jpg","width":1333,"height":815},{"@type":"BreadcrumbList","@id":"https:\/\/faculdadeluteranaconcordia.com.br\/site\/2026\/03\/12\/curso-de-teologia-da-faculdade-luterana-realiza-processo-seletivo\/#breadcrumb","itemListElement":[{"@type":"ListItem","position":1,"name":"In\u00edcio","item":"https:\/\/faculdadeluteranaconcordia.com.br\/site\/"},{"@type":"ListItem","position":2,"name":"Curso de Teologia da Faculdade Luterana realiza processo seletivo"}]},{"@type":"WebSite","@id":"https:\/\/faculdadeluteranaconcordia.com.br\/site\/#website","url":"https:\/\/faculdadeluteranaconcordia.com.br\/site\/","name":"Faculdade Luterana Conc\u00f3rdia","description":"Site Institucional da Faculdade Luterana","publisher":{"@id":"https:\/\/faculdadeluteranaconcordia.com.br\/site\/#organization"},"potentialAction":[{"@type":"SearchAction","target":{"@type":"EntryPoint","urlTemplate":"https:\/\/faculdadeluteranaconcordia.com.br\/site\/?s={search_term_string}"},"query-input":{"@type":"PropertyValueSpecification","valueRequired":true,"valueName":"search_term_string"}}],"inLanguage":"pt-PT"},{"@type":"Organization","@id":"https:\/\/faculdadeluteranaconcordia.com.br\/site\/#organization","name":"Faculdade Luterana Conc\u00f3rdia","url":"https:\/\/faculdadeluteranaconcordia.com.br\/site\/","logo":{"@type":"ImageObject","inLanguage":"pt-PT","@id":"https:\/\/faculdadeluteranaconcordia.com.br\/site\/#\/schema\/logo\/image\/","url":"https:\/\/faculdadeluteranaconcordia.com.br\/site\/wp-content\/uploads\/2023\/04\/LOGO-NOVO-FACULDADE-1.webp","contentUrl":"https:\/\/faculdadeluteranaconcordia.com.br\/site\/wp-content\/uploads\/2023\/04\/LOGO-NOVO-FACULDADE-1.webp","width":1200,"height":383,"caption":"Faculdade Luterana Conc\u00f3rdia"},"image":{"@id":"https:\/\/faculdadeluteranaconcordia.com.br\/site\/#\/schema\/logo\/image\/"}},{"@type":"Person","@id":"https:\/\/faculdadeluteranaconcordia.com.br\/site\/#\/schema\/person\/446eb8360fd0672de59d10fcf4e86b8b","name":"Lutero","image":{"@type":"ImageObject","inLanguage":"pt-PT","@id":"https:\/\/faculdadeluteranaconcordia.com.br\/site\/#\/schema\/person\/image\/","url":"https:\/\/secure.gravatar.com\/avatar\/f9e9e74d472c59c248b987e4fc8ce3e120726df22bb88cf395458cb57b97359a?s=96&d=mm&r=g","contentUrl":"https:\/\/secure.gravatar.com\/avatar\/f9e9e74d472c59c248b987e4fc8ce3e120726df22bb88cf395458cb57b97359a?s=96&d=mm&r=g","caption":"Lutero"},"sameAs":["https:\/\/faculdadeluteranaconcordia.com.br\/site"],"url":"https:\/\/faculdadeluteranaconcordia.com.br\/site\/author\/Lutero\/"}]}},"_links":{"self":[{"href":"https:\/\/faculdadeluteranaconcordia.com.br\/site\/wp-json\/wp\/v2\/posts\/3063","targetHints":{"allow":["GET"]}}],"collection":[{"href":"https:\/\/faculdadeluteranaconcordia.com.br\/site\/wp-json\/wp\/v2\/posts"}],"about":[{"href":"https:\/\/faculdadeluteranaconcordia.com.br\/site\/wp-json\/wp\/v2\/types\/post"}],"author":[{"embeddable":true,"href":"https:\/\/faculdadeluteranaconcordia.com.br\/site\/wp-json\/wp\/v2\/users\/1"}],"replies":[{"embeddable":true,"href":"https:\/\/faculdadeluteranaconcordia.com.br\/site\/wp-json\/wp\/v2\/comments?post=3063"}],"version-history":[{"count":12,"href":"https:\/\/faculdadeluteranaconcordia.com.br\/site\/wp-json\/wp\/v2\/posts\/3063\/revisions"}],"predecessor-version":[{"id":3078,"href":"https:\/\/faculdadeluteranaconcordia.com.br\/site\/wp-json\/wp\/v2\/posts\/3063\/revisions\/3078"}],"wp:featuredmedia":[{"embeddable":true,"href":"https:\/\/faculdadeluteranaconcordia.com.br\/site\/wp-json\/wp\/v2\/media\/3064"}],"wp:attachment":[{"href":"https:\/\/faculdadeluteranaconcordia.com.br\/site\/wp-json\/wp\/v2\/media?parent=3063"}],"wp:term":[{"taxonomy":"category","embeddable":true,"href":"https:\/\/faculdadeluteranaconcordia.com.br\/site\/wp-json\/wp\/v2\/categories?post=3063"},{"taxonomy":"post_tag","embeddable":true,"href":"https:\/\/faculdadeluteranaconcordia.com.br\/site\/wp-json\/wp\/v2\/tags?post=3063"}],"curies":[{"name":"wp","href":"https:\/\/api.w.org\/{rel}","templated":true}]}}