{"id":3174,"date":"2026-04-28T16:35:27","date_gmt":"2026-04-28T16:35:27","guid":{"rendered":"https:\/\/faculdadeluteranaconcordia.com.br\/site\/?p=3174"},"modified":"2026-04-29T10:44:40","modified_gmt":"2026-04-29T10:44:40","slug":"curso-de-extensao-inscircoes-abertas","status":"publish","type":"post","link":"https:\/\/faculdadeluteranaconcordia.com.br\/site\/2026\/04\/28\/curso-de-extensao-inscircoes-abertas\/","title":{"rendered":"Curso de Extens\u00e3o &#8211; Inscri\u00e7\u00f5es Abertas!"},"content":{"rendered":"\t\t<div data-elementor-type=\"wp-post\" data-elementor-id=\"3174\" class=\"elementor elementor-3174\" data-elementor-post-type=\"post\">\n\t\t\t\t\t\t\t\t\t<section class=\"elementor-section elementor-top-section elementor-element elementor-element-1074940 elementor-section-boxed elementor-section-height-default elementor-section-height-default\" data-id=\"1074940\" data-element_type=\"section\">\n\t\t\t\t\t\t<div class=\"elementor-container elementor-column-gap-default\">\n\t\t\t\t\t<div class=\"elementor-column elementor-col-100 elementor-top-column elementor-element elementor-element-9462dbb\" data-id=\"9462dbb\" data-element_type=\"column\">\n\t\t\t<div class=\"elementor-widget-wrap elementor-element-populated\">\n\t\t\t\t\t\t\t\t<div class=\"elementor-element elementor-element-0bc429b elementor-widget elementor-widget-image\" data-id=\"0bc429b\" data-element_type=\"widget\" data-widget_type=\"image.default\">\n\t\t\t\t<div class=\"elementor-widget-container\">\n\t\t\t<style>\/*! elementor - v3.14.0 - 26-06-2023 *\/\n.elementor-widget-image{text-align:center}.elementor-widget-image a{display:inline-block}.elementor-widget-image a img[src$=\".svg\"]{width:48px}.elementor-widget-image img{vertical-align:middle;display:inline-block}<\/style>\t\t\t\t\t\t\t\t\t\t\t\t<img loading=\"lazy\" decoding=\"async\" width=\"724\" height=\"1024\" src=\"https:\/\/faculdadeluteranaconcordia.com.br\/site\/wp-content\/uploads\/2026\/04\/Curso-de-Extensao-para-professores-de-Escola-Dominical-724x1024.png\" class=\"attachment-large size-large wp-image-3175\" alt=\"\" srcset=\"https:\/\/faculdadeluteranaconcordia.com.br\/site\/wp-content\/uploads\/2026\/04\/Curso-de-Extensao-para-professores-de-Escola-Dominical-724x1024.png 724w, https:\/\/faculdadeluteranaconcordia.com.br\/site\/wp-content\/uploads\/2026\/04\/Curso-de-Extensao-para-professores-de-Escola-Dominical-212x300.png 212w, https:\/\/faculdadeluteranaconcordia.com.br\/site\/wp-content\/uploads\/2026\/04\/Curso-de-Extensao-para-professores-de-Escola-Dominical-768x1086.png 768w, https:\/\/faculdadeluteranaconcordia.com.br\/site\/wp-content\/uploads\/2026\/04\/Curso-de-Extensao-para-professores-de-Escola-Dominical-1086x1536.png 1086w, https:\/\/faculdadeluteranaconcordia.com.br\/site\/wp-content\/uploads\/2026\/04\/Curso-de-Extensao-para-professores-de-Escola-Dominical.png 1414w\" sizes=\"auto, (max-width: 724px) 100vw, 724px\" \/>\t\t\t\t\t\t\t\t\t\t\t\t\t\t\t<\/div>\n\t\t\t\t<\/div>\n\t\t\t\t\t<\/div>\n\t\t<\/div>\n\t\t\t\t\t\t\t<\/div>\n\t\t<\/section>\n\t\t\t\t<section class=\"elementor-section elementor-top-section elementor-element elementor-element-dfa608e elementor-section-boxed elementor-section-height-default elementor-section-height-default\" data-id=\"dfa608e\" data-element_type=\"section\">\n\t\t\t\t\t\t<div class=\"elementor-container elementor-column-gap-default\">\n\t\t\t\t\t<div class=\"elementor-column elementor-col-100 elementor-top-column elementor-element elementor-element-4bade6e\" data-id=\"4bade6e\" data-element_type=\"column\">\n\t\t\t<div class=\"elementor-widget-wrap elementor-element-populated\">\n\t\t\t\t\t\t\t\t<div class=\"elementor-element elementor-element-594bdfa elementor-widget elementor-widget-text-editor\" data-id=\"594bdfa\" data-element_type=\"widget\" data-widget_type=\"text-editor.default\">\n\t\t\t\t<div class=\"elementor-widget-container\">\n\t\t\t<style>\/*! elementor - v3.14.0 - 26-06-2023 *\/\n.elementor-widget-text-editor.elementor-drop-cap-view-stacked .elementor-drop-cap{background-color:#69727d;color:#fff}.elementor-widget-text-editor.elementor-drop-cap-view-framed .elementor-drop-cap{color:#69727d;border:3px solid;background-color:transparent}.elementor-widget-text-editor:not(.elementor-drop-cap-view-default) .elementor-drop-cap{margin-top:8px}.elementor-widget-text-editor:not(.elementor-drop-cap-view-default) .elementor-drop-cap-letter{width:1em;height:1em}.elementor-widget-text-editor .elementor-drop-cap{float:left;text-align:center;line-height:1;font-size:50px}.elementor-widget-text-editor .elementor-drop-cap-letter{display:inline-block}<\/style>\t\t\t\t<p>Voc\u00ea pode se increver pelo link:<br \/><a style=\"color: black;\" href=\"https:\/\/forms.gle\/tas2vPeqWZQYZ3WR9\">\u27a1\ufe0f <span style=\"text-decoration: underline;\">https:\/\/forms.gle\/tas2vPeqWZQYZ3WR9<\/span><\/a><\/p><p>Para mais informa\u00e7\u00f5es acesse:<br \/>\u27a1\ufe0f <span style=\"text-decoration: underline;\"><a style=\"color: black; text-decoration: underline;\" href=\"https:\/\/faculdadeluteranaconcordia.com.br\/site\/wp-content\/uploads\/2026\/04\/Formacao-de-professores-de-escola-biblica-07.04.26.pdf\">Forma\u00e7\u00e3o de professores de escola b\u00edblica<\/a><\/span><\/p>\t\t\t\t\t\t<\/div>\n\t\t\t\t<\/div>\n\t\t\t\t\t<\/div>\n\t\t<\/div>\n\t\t\t\t\t\t\t<\/div>\n\t\t<\/section>\n\t\t\t\t\t\t\t<\/div>\n\t\t","protected":false},"excerpt":{"rendered":"<p>Venha participar da forma\u00e7\u00e3o teol\u00f3gica e did\u00e1tico-pr\u00e1tica para professores de Escola Dominical.<\/p>\n","protected":false},"author":1,"featured_media":3184,"comment_status":"closed","ping_status":"open","sticky":false,"template":"","format":"standard","meta":{"_acf_changed":false,"footnotes":""},"categories":[1],"tags":[],"class_list":["post-3174","post","type-post","status-publish","format-standard","has-post-thumbnail","hentry","category-uncategorized"],"acf":[],"yoast_head":"<!-- This site is optimized with the Yoast SEO plugin v25.3.1 - https:\/\/yoast.com\/wordpress\/plugins\/seo\/ -->\n<title>Curso de Extens\u00e3o - Inscri\u00e7\u00f5es Abertas! - Faculdade Luterana Conc\u00f3rdia<\/title>\n<meta name=\"robots\" content=\"index, follow, max-snippet:-1, max-image-preview:large, max-video-preview:-1\" \/>\n<link rel=\"canonical\" href=\"https:\/\/faculdadeluteranaconcordia.com.br\/site\/2026\/04\/28\/curso-de-extensao-inscircoes-abertas\/\" \/>\n<meta property=\"og:locale\" content=\"pt_PT\" \/>\n<meta property=\"og:type\" content=\"article\" \/>\n<meta property=\"og:title\" content=\"Curso de Extens\u00e3o - Inscri\u00e7\u00f5es Abertas! - Faculdade Luterana Conc\u00f3rdia\" \/>\n<meta property=\"og:description\" content=\"Venha participar da forma\u00e7\u00e3o teol\u00f3gica e did\u00e1tico-pr\u00e1tica para professores de Escola Dominical.\" \/>\n<meta property=\"og:url\" content=\"https:\/\/faculdadeluteranaconcordia.com.br\/site\/2026\/04\/28\/curso-de-extensao-inscircoes-abertas\/\" \/>\n<meta property=\"og:site_name\" content=\"Faculdade Luterana Conc\u00f3rdia\" \/>\n<meta property=\"article:published_time\" content=\"2026-04-28T16:35:27+00:00\" \/>\n<meta property=\"article:modified_time\" content=\"2026-04-29T10:44:40+00:00\" \/>\n<meta property=\"og:image\" content=\"https:\/\/faculdadeluteranaconcordia.com.br\/site\/wp-content\/uploads\/2026\/04\/Formacao-de-Professores-de-Escola-Dominical-1.png\" \/>\n\t<meta property=\"og:image:width\" content=\"960\" \/>\n\t<meta property=\"og:image:height\" content=\"720\" \/>\n\t<meta property=\"og:image:type\" content=\"image\/png\" \/>\n<meta name=\"author\" content=\"Lutero\" \/>\n<meta name=\"twitter:card\" content=\"summary_large_image\" \/>\n<meta name=\"twitter:label1\" content=\"Escrito por\" \/>\n\t<meta name=\"twitter:data1\" content=\"Lutero\" \/>\n\t<meta name=\"twitter:label2\" content=\"Tempo estimado de leitura\" \/>\n\t<meta name=\"twitter:data2\" content=\"1 minuto\" \/>\n<script type=\"application\/ld+json\" class=\"yoast-schema-graph\">{\"@context\":\"https:\/\/schema.org\",\"@graph\":[{\"@type\":\"Article\",\"@id\":\"https:\/\/faculdadeluteranaconcordia.com.br\/site\/2026\/04\/28\/curso-de-extensao-inscircoes-abertas\/#article\",\"isPartOf\":{\"@id\":\"https:\/\/faculdadeluteranaconcordia.com.br\/site\/2026\/04\/28\/curso-de-extensao-inscircoes-abertas\/\"},\"author\":{\"name\":\"Lutero\",\"@id\":\"https:\/\/faculdadeluteranaconcordia.com.br\/site\/#\/schema\/person\/446eb8360fd0672de59d10fcf4e86b8b\"},\"headline\":\"Curso de Extens\u00e3o &#8211; Inscri\u00e7\u00f5es Abertas!\",\"datePublished\":\"2026-04-28T16:35:27+00:00\",\"dateModified\":\"2026-04-29T10:44:40+00:00\",\"mainEntityOfPage\":{\"@id\":\"https:\/\/faculdadeluteranaconcordia.com.br\/site\/2026\/04\/28\/curso-de-extensao-inscircoes-abertas\/\"},\"wordCount\":33,\"publisher\":{\"@id\":\"https:\/\/faculdadeluteranaconcordia.com.br\/site\/#organization\"},\"image\":{\"@id\":\"https:\/\/faculdadeluteranaconcordia.com.br\/site\/2026\/04\/28\/curso-de-extensao-inscircoes-abertas\/#primaryimage\"},\"thumbnailUrl\":\"https:\/\/faculdadeluteranaconcordia.com.br\/site\/wp-content\/uploads\/2026\/04\/Formacao-de-Professores-de-Escola-Dominical-1.png\",\"articleSection\":[\"Not\u00edcia\"],\"inLanguage\":\"pt-PT\"},{\"@type\":\"WebPage\",\"@id\":\"https:\/\/faculdadeluteranaconcordia.com.br\/site\/2026\/04\/28\/curso-de-extensao-inscircoes-abertas\/\",\"url\":\"https:\/\/faculdadeluteranaconcordia.com.br\/site\/2026\/04\/28\/curso-de-extensao-inscircoes-abertas\/\",\"name\":\"Curso de Extens\u00e3o - Inscri\u00e7\u00f5es Abertas! - Faculdade Luterana Conc\u00f3rdia\",\"isPartOf\":{\"@id\":\"https:\/\/faculdadeluteranaconcordia.com.br\/site\/#website\"},\"primaryImageOfPage\":{\"@id\":\"https:\/\/faculdadeluteranaconcordia.com.br\/site\/2026\/04\/28\/curso-de-extensao-inscircoes-abertas\/#primaryimage\"},\"image\":{\"@id\":\"https:\/\/faculdadeluteranaconcordia.com.br\/site\/2026\/04\/28\/curso-de-extensao-inscircoes-abertas\/#primaryimage\"},\"thumbnailUrl\":\"https:\/\/faculdadeluteranaconcordia.com.br\/site\/wp-content\/uploads\/2026\/04\/Formacao-de-Professores-de-Escola-Dominical-1.png\",\"datePublished\":\"2026-04-28T16:35:27+00:00\",\"dateModified\":\"2026-04-29T10:44:40+00:00\",\"breadcrumb\":{\"@id\":\"https:\/\/faculdadeluteranaconcordia.com.br\/site\/2026\/04\/28\/curso-de-extensao-inscircoes-abertas\/#breadcrumb\"},\"inLanguage\":\"pt-PT\",\"potentialAction\":[{\"@type\":\"ReadAction\",\"target\":[\"https:\/\/faculdadeluteranaconcordia.com.br\/site\/2026\/04\/28\/curso-de-extensao-inscircoes-abertas\/\"]}]},{\"@type\":\"ImageObject\",\"inLanguage\":\"pt-PT\",\"@id\":\"https:\/\/faculdadeluteranaconcordia.com.br\/site\/2026\/04\/28\/curso-de-extensao-inscircoes-abertas\/#primaryimage\",\"url\":\"https:\/\/faculdadeluteranaconcordia.com.br\/site\/wp-content\/uploads\/2026\/04\/Formacao-de-Professores-de-Escola-Dominical-1.png\",\"contentUrl\":\"https:\/\/faculdadeluteranaconcordia.com.br\/site\/wp-content\/uploads\/2026\/04\/Formacao-de-Professores-de-Escola-Dominical-1.png\",\"width\":960,\"height\":720},{\"@type\":\"BreadcrumbList\",\"@id\":\"https:\/\/faculdadeluteranaconcordia.com.br\/site\/2026\/04\/28\/curso-de-extensao-inscircoes-abertas\/#breadcrumb\",\"itemListElement\":[{\"@type\":\"ListItem\",\"position\":1,\"name\":\"In\u00edcio\",\"item\":\"https:\/\/faculdadeluteranaconcordia.com.br\/site\/\"},{\"@type\":\"ListItem\",\"position\":2,\"name\":\"Curso de Extens\u00e3o &#8211; Inscri\u00e7\u00f5es Abertas!\"}]},{\"@type\":\"WebSite\",\"@id\":\"https:\/\/faculdadeluteranaconcordia.com.br\/site\/#website\",\"url\":\"https:\/\/faculdadeluteranaconcordia.com.br\/site\/\",\"name\":\"Faculdade Luterana Conc\u00f3rdia\",\"description\":\"Site Institucional da Faculdade Luterana\",\"publisher\":{\"@id\":\"https:\/\/faculdadeluteranaconcordia.com.br\/site\/#organization\"},\"potentialAction\":[{\"@type\":\"SearchAction\",\"target\":{\"@type\":\"EntryPoint\",\"urlTemplate\":\"https:\/\/faculdadeluteranaconcordia.com.br\/site\/?s={search_term_string}\"},\"query-input\":{\"@type\":\"PropertyValueSpecification\",\"valueRequired\":true,\"valueName\":\"search_term_string\"}}],\"inLanguage\":\"pt-PT\"},{\"@type\":\"Organization\",\"@id\":\"https:\/\/faculdadeluteranaconcordia.com.br\/site\/#organization\",\"name\":\"Faculdade Luterana Conc\u00f3rdia\",\"url\":\"https:\/\/faculdadeluteranaconcordia.com.br\/site\/\",\"logo\":{\"@type\":\"ImageObject\",\"inLanguage\":\"pt-PT\",\"@id\":\"https:\/\/faculdadeluteranaconcordia.com.br\/site\/#\/schema\/logo\/image\/\",\"url\":\"https:\/\/faculdadeluteranaconcordia.com.br\/site\/wp-content\/uploads\/2023\/04\/LOGO-NOVO-FACULDADE-1.webp\",\"contentUrl\":\"https:\/\/faculdadeluteranaconcordia.com.br\/site\/wp-content\/uploads\/2023\/04\/LOGO-NOVO-FACULDADE-1.webp\",\"width\":1200,\"height\":383,\"caption\":\"Faculdade Luterana Conc\u00f3rdia\"},\"image\":{\"@id\":\"https:\/\/faculdadeluteranaconcordia.com.br\/site\/#\/schema\/logo\/image\/\"}},{\"@type\":\"Person\",\"@id\":\"https:\/\/faculdadeluteranaconcordia.com.br\/site\/#\/schema\/person\/446eb8360fd0672de59d10fcf4e86b8b\",\"name\":\"Lutero\",\"image\":{\"@type\":\"ImageObject\",\"inLanguage\":\"pt-PT\",\"@id\":\"https:\/\/faculdadeluteranaconcordia.com.br\/site\/#\/schema\/person\/image\/\",\"url\":\"https:\/\/secure.gravatar.com\/avatar\/f9e9e74d472c59c248b987e4fc8ce3e120726df22bb88cf395458cb57b97359a?s=96&d=mm&r=g\",\"contentUrl\":\"https:\/\/secure.gravatar.com\/avatar\/f9e9e74d472c59c248b987e4fc8ce3e120726df22bb88cf395458cb57b97359a?s=96&d=mm&r=g\",\"caption\":\"Lutero\"},\"sameAs\":[\"https:\/\/faculdadeluteranaconcordia.com.br\/site\"],\"url\":\"https:\/\/faculdadeluteranaconcordia.com.br\/site\/author\/Lutero\/\"}]}<\/script>\n<!-- \/ Yoast SEO plugin. -->","yoast_head_json":{"title":"Curso de Extens\u00e3o - Inscri\u00e7\u00f5es Abertas! - Faculdade Luterana Conc\u00f3rdia","robots":{"index":"index","follow":"follow","max-snippet":"max-snippet:-1","max-image-preview":"max-image-preview:large","max-video-preview":"max-video-preview:-1"},"canonical":"https:\/\/faculdadeluteranaconcordia.com.br\/site\/2026\/04\/28\/curso-de-extensao-inscircoes-abertas\/","og_locale":"pt_PT","og_type":"article","og_title":"Curso de Extens\u00e3o - Inscri\u00e7\u00f5es Abertas! - Faculdade Luterana Conc\u00f3rdia","og_description":"Venha participar da forma\u00e7\u00e3o teol\u00f3gica e did\u00e1tico-pr\u00e1tica para professores de Escola Dominical.","og_url":"https:\/\/faculdadeluteranaconcordia.com.br\/site\/2026\/04\/28\/curso-de-extensao-inscircoes-abertas\/","og_site_name":"Faculdade Luterana Conc\u00f3rdia","article_published_time":"2026-04-28T16:35:27+00:00","article_modified_time":"2026-04-29T10:44:40+00:00","og_image":[{"width":960,"height":720,"url":"https:\/\/faculdadeluteranaconcordia.com.br\/site\/wp-content\/uploads\/2026\/04\/Formacao-de-Professores-de-Escola-Dominical-1.png","type":"image\/png"}],"author":"Lutero","twitter_card":"summary_large_image","twitter_misc":{"Escrito por":"Lutero","Tempo estimado de leitura":"1 minuto"},"schema":{"@context":"https:\/\/schema.org","@graph":[{"@type":"Article","@id":"https:\/\/faculdadeluteranaconcordia.com.br\/site\/2026\/04\/28\/curso-de-extensao-inscircoes-abertas\/#article","isPartOf":{"@id":"https:\/\/faculdadeluteranaconcordia.com.br\/site\/2026\/04\/28\/curso-de-extensao-inscircoes-abertas\/"},"author":{"name":"Lutero","@id":"https:\/\/faculdadeluteranaconcordia.com.br\/site\/#\/schema\/person\/446eb8360fd0672de59d10fcf4e86b8b"},"headline":"Curso de Extens\u00e3o &#8211; Inscri\u00e7\u00f5es Abertas!","datePublished":"2026-04-28T16:35:27+00:00","dateModified":"2026-04-29T10:44:40+00:00","mainEntityOfPage":{"@id":"https:\/\/faculdadeluteranaconcordia.com.br\/site\/2026\/04\/28\/curso-de-extensao-inscircoes-abertas\/"},"wordCount":33,"publisher":{"@id":"https:\/\/faculdadeluteranaconcordia.com.br\/site\/#organization"},"image":{"@id":"https:\/\/faculdadeluteranaconcordia.com.br\/site\/2026\/04\/28\/curso-de-extensao-inscircoes-abertas\/#primaryimage"},"thumbnailUrl":"https:\/\/faculdadeluteranaconcordia.com.br\/site\/wp-content\/uploads\/2026\/04\/Formacao-de-Professores-de-Escola-Dominical-1.png","articleSection":["Not\u00edcia"],"inLanguage":"pt-PT"},{"@type":"WebPage","@id":"https:\/\/faculdadeluteranaconcordia.com.br\/site\/2026\/04\/28\/curso-de-extensao-inscircoes-abertas\/","url":"https:\/\/faculdadeluteranaconcordia.com.br\/site\/2026\/04\/28\/curso-de-extensao-inscircoes-abertas\/","name":"Curso de Extens\u00e3o - Inscri\u00e7\u00f5es Abertas! - Faculdade Luterana Conc\u00f3rdia","isPartOf":{"@id":"https:\/\/faculdadeluteranaconcordia.com.br\/site\/#website"},"primaryImageOfPage":{"@id":"https:\/\/faculdadeluteranaconcordia.com.br\/site\/2026\/04\/28\/curso-de-extensao-inscircoes-abertas\/#primaryimage"},"image":{"@id":"https:\/\/faculdadeluteranaconcordia.com.br\/site\/2026\/04\/28\/curso-de-extensao-inscircoes-abertas\/#primaryimage"},"thumbnailUrl":"https:\/\/faculdadeluteranaconcordia.com.br\/site\/wp-content\/uploads\/2026\/04\/Formacao-de-Professores-de-Escola-Dominical-1.png","datePublished":"2026-04-28T16:35:27+00:00","dateModified":"2026-04-29T10:44:40+00:00","breadcrumb":{"@id":"https:\/\/faculdadeluteranaconcordia.com.br\/site\/2026\/04\/28\/curso-de-extensao-inscircoes-abertas\/#breadcrumb"},"inLanguage":"pt-PT","potentialAction":[{"@type":"ReadAction","target":["https:\/\/faculdadeluteranaconcordia.com.br\/site\/2026\/04\/28\/curso-de-extensao-inscircoes-abertas\/"]}]},{"@type":"ImageObject","inLanguage":"pt-PT","@id":"https:\/\/faculdadeluteranaconcordia.com.br\/site\/2026\/04\/28\/curso-de-extensao-inscircoes-abertas\/#primaryimage","url":"https:\/\/faculdadeluteranaconcordia.com.br\/site\/wp-content\/uploads\/2026\/04\/Formacao-de-Professores-de-Escola-Dominical-1.png","contentUrl":"https:\/\/faculdadeluteranaconcordia.com.br\/site\/wp-content\/uploads\/2026\/04\/Formacao-de-Professores-de-Escola-Dominical-1.png","width":960,"height":720},{"@type":"BreadcrumbList","@id":"https:\/\/faculdadeluteranaconcordia.com.br\/site\/2026\/04\/28\/curso-de-extensao-inscircoes-abertas\/#breadcrumb","itemListElement":[{"@type":"ListItem","position":1,"name":"In\u00edcio","item":"https:\/\/faculdadeluteranaconcordia.com.br\/site\/"},{"@type":"ListItem","position":2,"name":"Curso de Extens\u00e3o &#8211; Inscri\u00e7\u00f5es Abertas!"}]},{"@type":"WebSite","@id":"https:\/\/faculdadeluteranaconcordia.com.br\/site\/#website","url":"https:\/\/faculdadeluteranaconcordia.com.br\/site\/","name":"Faculdade Luterana Conc\u00f3rdia","description":"Site Institucional da Faculdade Luterana","publisher":{"@id":"https:\/\/faculdadeluteranaconcordia.com.br\/site\/#organization"},"potentialAction":[{"@type":"SearchAction","target":{"@type":"EntryPoint","urlTemplate":"https:\/\/faculdadeluteranaconcordia.com.br\/site\/?s={search_term_string}"},"query-input":{"@type":"PropertyValueSpecification","valueRequired":true,"valueName":"search_term_string"}}],"inLanguage":"pt-PT"},{"@type":"Organization","@id":"https:\/\/faculdadeluteranaconcordia.com.br\/site\/#organization","name":"Faculdade Luterana Conc\u00f3rdia","url":"https:\/\/faculdadeluteranaconcordia.com.br\/site\/","logo":{"@type":"ImageObject","inLanguage":"pt-PT","@id":"https:\/\/faculdadeluteranaconcordia.com.br\/site\/#\/schema\/logo\/image\/","url":"https:\/\/faculdadeluteranaconcordia.com.br\/site\/wp-content\/uploads\/2023\/04\/LOGO-NOVO-FACULDADE-1.webp","contentUrl":"https:\/\/faculdadeluteranaconcordia.com.br\/site\/wp-content\/uploads\/2023\/04\/LOGO-NOVO-FACULDADE-1.webp","width":1200,"height":383,"caption":"Faculdade Luterana Conc\u00f3rdia"},"image":{"@id":"https:\/\/faculdadeluteranaconcordia.com.br\/site\/#\/schema\/logo\/image\/"}},{"@type":"Person","@id":"https:\/\/faculdadeluteranaconcordia.com.br\/site\/#\/schema\/person\/446eb8360fd0672de59d10fcf4e86b8b","name":"Lutero","image":{"@type":"ImageObject","inLanguage":"pt-PT","@id":"https:\/\/faculdadeluteranaconcordia.com.br\/site\/#\/schema\/person\/image\/","url":"https:\/\/secure.gravatar.com\/avatar\/f9e9e74d472c59c248b987e4fc8ce3e120726df22bb88cf395458cb57b97359a?s=96&d=mm&r=g","contentUrl":"https:\/\/secure.gravatar.com\/avatar\/f9e9e74d472c59c248b987e4fc8ce3e120726df22bb88cf395458cb57b97359a?s=96&d=mm&r=g","caption":"Lutero"},"sameAs":["https:\/\/faculdadeluteranaconcordia.com.br\/site"],"url":"https:\/\/faculdadeluteranaconcordia.com.br\/site\/author\/Lutero\/"}]}},"_links":{"self":[{"href":"https:\/\/faculdadeluteranaconcordia.com.br\/site\/wp-json\/wp\/v2\/posts\/3174","targetHints":{"allow":["GET"]}}],"collection":[{"href":"https:\/\/faculdadeluteranaconcordia.com.br\/site\/wp-json\/wp\/v2\/posts"}],"about":[{"href":"https:\/\/faculdadeluteranaconcordia.com.br\/site\/wp-json\/wp\/v2\/types\/post"}],"author":[{"embeddable":true,"href":"https:\/\/faculdadeluteranaconcordia.com.br\/site\/wp-json\/wp\/v2\/users\/1"}],"replies":[{"embeddable":true,"href":"https:\/\/faculdadeluteranaconcordia.com.br\/site\/wp-json\/wp\/v2\/comments?post=3174"}],"version-history":[{"count":10,"href":"https:\/\/faculdadeluteranaconcordia.com.br\/site\/wp-json\/wp\/v2\/posts\/3174\/revisions"}],"predecessor-version":[{"id":3191,"href":"https:\/\/faculdadeluteranaconcordia.com.br\/site\/wp-json\/wp\/v2\/posts\/3174\/revisions\/3191"}],"wp:featuredmedia":[{"embeddable":true,"href":"https:\/\/faculdadeluteranaconcordia.com.br\/site\/wp-json\/wp\/v2\/media\/3184"}],"wp:attachment":[{"href":"https:\/\/faculdadeluteranaconcordia.com.br\/site\/wp-json\/wp\/v2\/media?parent=3174"}],"wp:term":[{"taxonomy":"category","embeddable":true,"href":"https:\/\/faculdadeluteranaconcordia.com.br\/site\/wp-json\/wp\/v2\/categories?post=3174"},{"taxonomy":"post_tag","embeddable":true,"href":"https:\/\/faculdadeluteranaconcordia.com.br\/site\/wp-json\/wp\/v2\/tags?post=3174"}],"curies":[{"name":"wp","href":"https:\/\/api.w.org\/{rel}","templated":true}]}}